{"id":101488,"date":"2021-11-22T10:01:10","date_gmt":"2021-11-22T13:01:10","guid":{"rendered":"http:\/\/vinasfm.com\/noticias\/?p=101488"},"modified":"2021-11-23T09:53:10","modified_gmt":"2021-11-23T12:53:10","slug":"alem-y-uspallata-escenario-del-choque-entre-una-moto-y-un-vehiculo","status":"publish","type":"post","link":"https:\/\/vinasfm.com\/noticias\/alem-y-uspallata-escenario-del-choque-entre-una-moto-y-un-vehiculo\/","title":{"rendered":"ALEM Y USPALLATA, ESCENARIO DEL CHOQUE ENTRE UNA MOTO Y UN VEH\u00cdCULO"},"content":{"rendered":"<h4><span style=\"color: #000000;\"><strong>Dos personas que transitaban a bordo de una motocicleta sufrieron varios golpes luego de impactar con un autom\u00f3vil en la intersecci\u00f3n de Uspallata y Alem de Ciudad.<\/strong><\/span><\/h4>\n<p><span style=\"color: #000000;\">El siniestro se produjo alrededor de las <strong>12:45hs de este domingo<\/strong>, seg\u00fan inform\u00f3 <em>Policia Vial<\/em> en di\u00e1logo con <em>F.M. Vi\u00f1as<\/em>, y fue protagonizado por un <strong>Peugeot 405<\/strong>\u00a0y una <strong>Zanella<\/strong>, ambas movilidades conducidas por hombres mayores de edad.<\/span><\/p>\n<p><span style=\"color: #000000;\">La rese\u00f1a oficial se\u00f1ala que <strong>el veh\u00edculo circulaba por Uspallata<\/strong> en direcci\u00f3n al este y al llegar a citado cruce colision\u00f3 con <strong>el rodado menor, que transitaba de sur a norte <\/strong>por<strong> Alem.<\/strong><\/span><\/p>\n<p><span style=\"color: #000000;\">Tanto <strong>el motociclista como su acompa\u00f1ante<\/strong>, menor de edad, <strong>debieron ser trasladados al Hospital Enfermeros Argentinos<\/strong> para su asistencia producto de las lesiones que revest\u00edan.\u00a0<\/span><\/p>\n<p><span style=\"color: #000000;\">Se labraron actuaciones en &#8216;<strong><em>Averiguaci\u00f3n Lesiones Culposas<\/em><\/strong>&#8216; bajo instrucci\u00f3n de la Unidad Fiscal de Comisaria 14\u00b0.<\/span><\/p>\n<h5><span style=\"color: #000000;\">\u2022F.B. (F.M. Vi\u00f1as).<\/span><\/h5>\n","protected":false},"excerpt":{"rendered":"<p>Dos personas que transitaban a bordo de una motocicleta sufrieron varios golpes luego de impactar con un autom\u00f3vil en la intersecci\u00f3n &#8230;<\/p>\n","protected":false},"author":8,"featured_media":101489,"comment_status":"open","ping_status":"open","sticky":false,"template":"","format":"standard","meta":{"footnotes":""},"categories":[5,4],"tags":[],"class_list":["post-101488","post","type-post","status-publish","format-standard","has-post-thumbnail","hentry","category-actualidad","category-policiales"],"_links":{"self":[{"href":"https:\/\/vinasfm.com\/noticias\/wp-json\/wp\/v2\/posts\/101488","targetHints":{"allow":["GET"]}}],"collection":[{"href":"https:\/\/vinasfm.com\/noticias\/wp-json\/wp\/v2\/posts"}],"about":[{"href":"https:\/\/vinasfm.com\/noticias\/wp-json\/wp\/v2\/types\/post"}],"author":[{"embeddable":true,"href":"https:\/\/vinasfm.com\/noticias\/wp-json\/wp\/v2\/users\/8"}],"replies":[{"embeddable":true,"href":"https:\/\/vinasfm.com\/noticias\/wp-json\/wp\/v2\/comments?post=101488"}],"version-history":[{"count":1,"href":"https:\/\/vinasfm.com\/noticias\/wp-json\/wp\/v2\/posts\/101488\/revisions"}],"predecessor-version":[{"id":101490,"href":"https:\/\/vinasfm.com\/noticias\/wp-json\/wp\/v2\/posts\/101488\/revisions\/101490"}],"wp:featuredmedia":[{"embeddable":true,"href":"https:\/\/vinasfm.com\/noticias\/wp-json\/wp\/v2\/media\/101489"}],"wp:attachment":[{"href":"https:\/\/vinasfm.com\/noticias\/wp-json\/wp\/v2\/media?parent=101488"}],"wp:term":[{"taxonomy":"category","embeddable":true,"href":"https:\/\/vinasfm.com\/noticias\/wp-json\/wp\/v2\/categories?post=101488"},{"taxonomy":"post_tag","embeddable":true,"href":"https:\/\/vinasfm.com\/noticias\/wp-json\/wp\/v2\/tags?post=101488"}],"curies":[{"name":"wp","href":"https:\/\/api.w.org\/{rel}","templated":true}]}}