{"id":101466,"date":"2021-11-22T00:30:40","date_gmt":"2021-11-22T03:30:40","guid":{"rendered":"http:\/\/vinasfm.com\/noticias\/?p=101466"},"modified":"2021-11-22T09:00:21","modified_gmt":"2021-11-22T12:00:21","slug":"la-delegacion-ecuatoriana-hizo-un-positivo-balance-de-lo-vivido-en-alvear","status":"publish","type":"post","link":"https:\/\/vinasfm.com\/noticias\/la-delegacion-ecuatoriana-hizo-un-positivo-balance-de-lo-vivido-en-alvear\/","title":{"rendered":"LA DELEGACI\u00d3N ECUATORIANA HIZO UN POSITIVO BALANCE DE LO VIVIDO EN ALVEAR"},"content":{"rendered":"<h4><span style=\"color: #000000;\"><strong>La Coordinadora General de Planificaci\u00f3n y Relaciones Internacionales Carina Lucero junto al profesor Andr\u00e9s Beltr\u00e1n y los estudiantes: Diana Chuquizala, Julie Echeverria, Alexander Gaibor, Paola Gallegos y Edinson Medina, provenientes de la Escuela Superior Polit\u00e9cnica de Chimborazo, que se encuentra en Riobamba, Ecuador, que se encuentran aqu\u00ed, en el marco del Proyecto de Cooperaci\u00f3n Sur Sur de Mercociudades &#8216;Experiencia de intercambio de cooperaci\u00f3n t\u00e9cnico cultural&#8217;, hicieron un racconto de lo vivido desde que llegaron a nuestro Departamento.<\/strong><\/span><\/h4>\n<p><span style=\"color: #000000;\">Cinco alumnos y un profesor de cada instituci\u00f3n visitan la otra ciudad durante una semana, llevando a cabo una doble agenda: <strong><em>cultural y acad\u00e9mica<\/em><\/strong>. El <strong>intendente Walther Marcolini<\/strong> fue consultado por el impacto que supone para el departamento el arribo de la delegaci\u00f3n proveniente de la Escuela Superior Polit\u00e9cnica de Chimborazo, al igual que la visita de &#8216;<strong><em>Casa de Rusia<\/em><\/strong>&#8216; y la pronta llegada del <strong>National Danish Performance Team<\/strong>. &#8216;<strong><em>Uno va abarcando con una visi\u00f3n integral todas las actividades, los deportes, la cultura, la ciencia, la tecnolog\u00eda, la educaci\u00f3n, es lo \u00fanico que a los pueblos los pone en un estadio de desarrollo superior y es un camino a largo plazo, a veces dif\u00edcil de atravesar, pero un camino que no se puede abandonar<\/em><\/strong>&#8216;, enfatiz\u00f3.<\/span><\/p>\n<p><span style=\"color: #000000;\">Se cierra una agenda en materia de <strong>intercambio entre Ecuador y Argentina<\/strong>, con <strong>resultados provechosos para la Biotecnolog\u00eda y para el acercamiento de dos ciudades que no hab\u00edan trabajado juntas con estudiantes<\/strong>, apostando a la transformaci\u00f3n de estudiantes, que estudian y trabajan en su ciudad, y que hoy tienen la oportunidad de articular con el mundo, capacitarse y de mejorar su formaci\u00f3n, enfatiz\u00f3 Carina Lucero y a\u00f1adi\u00f3: &#8216;<strong><em>Estamos felices de recibirles, solo resta animarlos a continuar consolidando este v\u00ednculo<\/em><\/strong>&#8216;.<\/span><\/p>\n<p><span style=\"color: #000000;\">Por su parte, <strong>Andr\u00e9s Beltran<\/strong>, docente de la Escuela Superior Polit\u00e9cnica de Chimborazo, en Riobamba, Ecuador expres\u00f3: &#8216;<strong><em>El mayor deseo es que todos los d\u00edas sean gratos y llenos de oportunidades para General Alvear<\/em><\/strong>&#8216;. Respecto a un balance: &#8216;<strong><em>Tuvimos experiencias enriquecedoras, intr\u00ednsecas e instrumentales, mediante el desarrollo de nuevas habilidades en el laboratorio de Biotecnolog\u00eda de la Ugacoop, adem\u00e1s de la emoci\u00f3n de los estudiantes de poder conocer un nuevo Pa\u00eds, una nueva Ciudad y la calidad de su gente<\/em><\/strong>&#8216;.<\/span><\/p>\n<p><span style=\"color: #000000;\"><a style=\"color: #000000;\" href=\"http:\/\/vinasfm.com\/noticias\/wp-content\/uploads\/2021\/11\/Reunion-por-zoom-con-el-Sr.-Embajador-de-la-Republica-de-Ecuador-en-Argentina-1-scaled.jpg\"><img loading=\"lazy\" decoding=\"async\" class=\" wp-image-101468 aligncenter\" src=\"http:\/\/vinasfm.com\/noticias\/wp-content\/uploads\/2021\/11\/Reunion-por-zoom-con-el-Sr.-Embajador-de-la-Republica-de-Ecuador-en-Argentina-1-300x200.jpg\" alt=\"\" width=\"654\" height=\"436\" srcset=\"https:\/\/vinasfm.com\/noticias\/wp-content\/uploads\/2021\/11\/Reunion-por-zoom-con-el-Sr.-Embajador-de-la-Republica-de-Ecuador-en-Argentina-1-300x200.jpg 300w, https:\/\/vinasfm.com\/noticias\/wp-content\/uploads\/2021\/11\/Reunion-por-zoom-con-el-Sr.-Embajador-de-la-Republica-de-Ecuador-en-Argentina-1-1024x683.jpg 1024w, https:\/\/vinasfm.com\/noticias\/wp-content\/uploads\/2021\/11\/Reunion-por-zoom-con-el-Sr.-Embajador-de-la-Republica-de-Ecuador-en-Argentina-1-768x512.jpg 768w, https:\/\/vinasfm.com\/noticias\/wp-content\/uploads\/2021\/11\/Reunion-por-zoom-con-el-Sr.-Embajador-de-la-Republica-de-Ecuador-en-Argentina-1-1536x1024.jpg 1536w, https:\/\/vinasfm.com\/noticias\/wp-content\/uploads\/2021\/11\/Reunion-por-zoom-con-el-Sr.-Embajador-de-la-Republica-de-Ecuador-en-Argentina-1-2048x1365.jpg 2048w\" sizes=\"auto, (max-width: 654px) 100vw, 654px\" \/><\/a><\/span><\/p>\n<p><span style=\"color: #000000;\">Al referirse a la carrera de Biotecnolog\u00eda que se dicta en Ugacoop manifest\u00f3 que la Academia te da herramientas psicomotrices y herramientas t\u00e9cnicas pero la calidez humana demuestra el profesionalismo. &#8216;<strong><em>A<\/em><em>c\u00e1 tratan de formar profesionales que creen su propia empresa, fomentan el emprendedurismo desde el inicio de la carrera, nosotros all\u00e1 lo damos al finalizar la carrera y eso es algo a mejorar. Asimismo, hemos visitado emprendimientos donde se aplica el conocimiento biotecnol\u00f3gico, como un emprendimiento de miel de abeja y otro de producci\u00f3n de aceite de oliva<\/em><\/strong>&#8216;, indic\u00f3.<\/span><\/p>\n<p><span style=\"color: #000000;\">Finalmente, subray\u00f3: &#8216;<strong><em>Esperamos que este v\u00ednculo comience a generar una mejor v\u00eda de comercio, de educaci\u00f3n. Se rescata la calidad de educaci\u00f3n superior en Argentina, dado que muchos estudiantes ecuatorianos han hecho maestr\u00edas en este Pa\u00eds y sus t\u00edtulos son reconocidos<\/em><\/strong>&#8216;.<\/span><\/p>\n<p><span style=\"color: #000000;\">La estudiante ecuatoriana <strong>Diana Chuquizala<\/strong> se\u00f1al\u00f3: &#8216;<strong><em>Nos llevamos experiencias muy enriquecedoras, tanto en el \u00e1mbito acad\u00e9mico como cultural, muy buenas pr\u00e1cticas en el laboratorio, ampliamos conocimiento en Biotecnolog\u00eda, biocontrol para plagas, todas nuestras expectativas est\u00e1n cumplidas, por lo que estamos muy felices de haber estado aqu\u00ed<\/em><\/strong>&#8216;.<\/span><\/p>\n<p><span style=\"color: #000000;\">Paola Gallegos resalt\u00f3 que se llevan conocimientos, an\u00e9cdotas que compartir a sus compa\u00f1eros: &#8216;<strong><em>El desaf\u00edo es darles esa chispa que ac\u00e1 hemos recibido, todos los proyectos salen adelante con mucha dedicaci\u00f3n, esperamos llegar a ser j\u00f3venes emprendedores, por eso queremos compartir y replicar todo lo aprendido para que Riobamba y Ecuador surjan<\/em><\/strong>&#8216;. <\/span><\/p>\n<p><span style=\"color: #000000;\">Por su parte, <strong>Alexander Gaibor<\/strong> detall\u00f3: &#8216;<strong><em>En lo cultural, vimos la pasi\u00f3n en lo que hacen, m\u00e1s all\u00e1 de las ganancias econ\u00f3micas, tanto en el emprendimiento de miel como el de aceite de oliva. La gastronom\u00eda es excelente, la geograf\u00eda es muy distinta, aqu\u00ed es llano con un cielo celeste hermoso y all\u00e1 estamos acostumbrados a las monta\u00f1as. Nos gust\u00f3 la gente que hemos visto, con sus tradiciones del mate, la siesta<\/em><\/strong>&#8216;.<\/span><\/p>\n<div id=\"attachment_101469\" style=\"width: 300px\" class=\"wp-caption alignleft\"><a style=\"color: #000000;\" href=\"http:\/\/vinasfm.com\/noticias\/wp-content\/uploads\/2021\/11\/Visita-de-Alumnos-de-Ecuador-a-Bodega-Faraon-1-scaled.jpg\"><img loading=\"lazy\" decoding=\"async\" aria-describedby=\"caption-attachment-101469\" class=\"size-medium wp-image-101469\" src=\"http:\/\/vinasfm.com\/noticias\/wp-content\/uploads\/2021\/11\/Visita-de-Alumnos-de-Ecuador-a-Bodega-Faraon-1-300x200.jpg\" alt=\"\" width=\"300\" height=\"200\" srcset=\"https:\/\/vinasfm.com\/noticias\/wp-content\/uploads\/2021\/11\/Visita-de-Alumnos-de-Ecuador-a-Bodega-Faraon-1-300x200.jpg 300w, https:\/\/vinasfm.com\/noticias\/wp-content\/uploads\/2021\/11\/Visita-de-Alumnos-de-Ecuador-a-Bodega-Faraon-1-1024x683.jpg 1024w, https:\/\/vinasfm.com\/noticias\/wp-content\/uploads\/2021\/11\/Visita-de-Alumnos-de-Ecuador-a-Bodega-Faraon-1-768x512.jpg 768w, https:\/\/vinasfm.com\/noticias\/wp-content\/uploads\/2021\/11\/Visita-de-Alumnos-de-Ecuador-a-Bodega-Faraon-1-1536x1024.jpg 1536w, https:\/\/vinasfm.com\/noticias\/wp-content\/uploads\/2021\/11\/Visita-de-Alumnos-de-Ecuador-a-Bodega-Faraon-1-2048x1365.jpg 2048w\" sizes=\"auto, (max-width: 300px) 100vw, 300px\" \/><\/a><p id=\"caption-attachment-101469\" class=\"wp-caption-text\"><span style=\"color: #000000;\">Visita a Bodega Fara\u00f3n.<\/span><\/p><\/div>\n<p><span style=\"color: #000000;\">El <strong>estudiante Edinson Medina<\/strong> se refiri\u00f3 a una diferencia que podr\u00eda recalcar: &#8216;<strong><em>La parte acad\u00e9mica que ven los estudiantes alvearenses es una propuesta acad\u00e9mica que apunta a d\u00f3nde lo van a poder aplicar, eso es lo que nosotros podemos replicar en nuestro Pa\u00eds, que no quede solo en una pr\u00e1ctica de laboratorio, sino en solucionar un problema actual de nuestra sociedad, eso es lo m\u00e1s importante que nos deja esto<\/em><\/strong>&#8216;.<\/span><\/p>\n<p><span style=\"color: #000000;\">Finalmente, <strong>la joven ecuatoriana Julie Echeverria<\/strong> reflej\u00f3: &#8216;<strong><em>En mi Universidad existe una serie de becas internacionales a la que estamos dispuestos a aplicar, tuve oportunidad de viajar a Canad\u00e1 como estudiante de investigaci\u00f3n, pero no en comunidad, como en esta oportunidad, donde se puede compartir con otros estudiantes su cultura. Espero que se puedan fortalecer estos lazos y se puedan ampliar estas actividades. Esperamos recibir a los estudiantes locales con la misma calidez que nos recibieron y que cumplan sus expectativas, sobre todo<\/em><\/strong>&#8216;.<\/span><\/p>\n<p><span style=\"color: #000000;\">Las actividades cerraron con una <strong>reuni\u00f3n con la Embajada de Ecuador en Argentina<\/strong>, de la cual participaron el<strong> Embajador y la C\u00f3nsul de Ecuador en Mendoza<\/strong>. Luego <strong>se realiz\u00f3 una visita tur\u00edstica a lugares de inter\u00e9s para el departamento como Bodega Fara\u00f3<\/strong>n, es de destacar que tanto el Embajador como la C\u00f3nsul se mostraron muy conformes con esta experiencia por lo que surgi\u00f3 el <strong>compromiso de avanzar en conjunto con la Municipalidad de General Alvear en proyectos de distinta \u00edndole, ya sea tur\u00edsticos, educativos, comerciales y culturales<\/strong>.<\/span><\/p>\n<h5><span style=\"color: #000000;\">\u2022F.B.<\/span><\/h5>\n","protected":false},"excerpt":{"rendered":"<p>La Coordinadora General de Planificaci\u00f3n y Relaciones Internacionales Carina Lucero junto al profesor Andr\u00e9s Beltr\u00e1n y los estudiantes: Diana Chuquizala, Julie &#8230;<\/p>\n","protected":false},"author":8,"featured_media":101467,"comment_status":"open","ping_status":"open","sticky":false,"template":"","format":"standard","meta":{"footnotes":""},"categories":[5,10],"tags":[],"class_list":["post-101466","post","type-post","status-publish","format-standard","has-post-thumbnail","hentry","category-actualidad","category-destacadas"],"_links":{"self":[{"href":"https:\/\/vinasfm.com\/noticias\/wp-json\/wp\/v2\/posts\/101466","targetHints":{"allow":["GET"]}}],"collection":[{"href":"https:\/\/vinasfm.com\/noticias\/wp-json\/wp\/v2\/posts"}],"about":[{"href":"https:\/\/vinasfm.com\/noticias\/wp-json\/wp\/v2\/types\/post"}],"author":[{"embeddable":true,"href":"https:\/\/vinasfm.com\/noticias\/wp-json\/wp\/v2\/users\/8"}],"replies":[{"embeddable":true,"href":"https:\/\/vinasfm.com\/noticias\/wp-json\/wp\/v2\/comments?post=101466"}],"version-history":[{"count":4,"href":"https:\/\/vinasfm.com\/noticias\/wp-json\/wp\/v2\/posts\/101466\/revisions"}],"predecessor-version":[{"id":101516,"href":"https:\/\/vinasfm.com\/noticias\/wp-json\/wp\/v2\/posts\/101466\/revisions\/101516"}],"wp:featuredmedia":[{"embeddable":true,"href":"https:\/\/vinasfm.com\/noticias\/wp-json\/wp\/v2\/media\/101467"}],"wp:attachment":[{"href":"https:\/\/vinasfm.com\/noticias\/wp-json\/wp\/v2\/media?parent=101466"}],"wp:term":[{"taxonomy":"category","embeddable":true,"href":"https:\/\/vinasfm.com\/noticias\/wp-json\/wp\/v2\/categories?post=101466"},{"taxonomy":"post_tag","embeddable":true,"href":"https:\/\/vinasfm.com\/noticias\/wp-json\/wp\/v2\/tags?post=101466"}],"curies":[{"name":"wp","href":"https:\/\/api.w.org\/{rel}","templated":true}]}}