{"id":101432,"date":"2021-11-20T08:00:57","date_gmt":"2021-11-20T11:00:57","guid":{"rendered":"http:\/\/vinasfm.com\/noticias\/?p=101432"},"modified":"2021-11-20T11:53:01","modified_gmt":"2021-11-20T14:53:01","slug":"alumnos-de-escuelas-primarias-ya-visitan-la-ciudad-educativa-vial","status":"publish","type":"post","link":"https:\/\/vinasfm.com\/noticias\/alumnos-de-escuelas-primarias-ya-visitan-la-ciudad-educativa-vial\/","title":{"rendered":"ALUMNOS DE ESCUELAS PRIMARIAS YA VISITAN LA CIUDAD EDUCATIVA VIAL"},"content":{"rendered":"<h4><span style=\"color: #000000;\"><strong>La Ciudad Vial, que permanecer\u00e1 en nuestro departamento hasta el 30 de noviembre, est\u00e1 destinada a la ense\u00f1anza sobre Seguridad Vial a los ni\u00f1os de distintas escuelas y al p\u00fablico en general. Alumnos de distintos colegios ya han participado de la Ciudad Vial que se encuentra en Ugacoop.<\/strong><\/span><\/h4>\n<p><span style=\"color: #000000;\">Esta Ciudad proviene de la <strong>Unidad Ejecutiva de Seguridad Vial de la Provincia. <\/strong>El <strong>Director de la Polic\u00eda de Tr\u00e1nsito Municipal Sergio Agostini<\/strong> explic\u00f3: &#8216;<strong><em>Se ense\u00f1a lo b\u00e1sico, la utilizaci\u00f3n de la senda peatonal, los sem\u00e1foros, algunos carteles indicadores que son primordiales como el Pare o el Cruce de Escuelas<\/em><\/strong>&#8216;. <\/span><\/p>\n<p><span style=\"color: #000000;\">Entre aquellos que ya se han acercado a la Ciudad Vial se encuentran <strong>alumnos de la Escuela Amado Sad<\/strong>. El <strong>Profesor Fernando \u00c1lvarez<\/strong> expres\u00f3: &#8216;<strong><em>Este es un proyecto que estamos realizando con los alumnos de 4\u00ba y 5\u00ba, para que aprendan cu\u00e1les son las se\u00f1ales que tienen que respetar, por eso creemos que esta iniciativa es muy buena, sobre todo porque se aprende desde el juego y eso es lo mejor<\/em><\/strong>&#8216;. <\/span><\/p>\n<p><span style=\"color: #000000;\">Asimismo <strong>Javier M\u00e9ndez, Maestro de la Escuela Juan XXIII<\/strong>, manifest\u00f3: &#8216;<strong><em>Son chicos del turno tarde, desde Jard\u00edn hasta 3\u00ba grado, son aproximadamente 90 chicos. Es muy bueno porque los chicos aprenden directamente y en la pr\u00e1ctica c\u00f3mo comportarse en la v\u00eda p\u00fablica<\/em><\/strong>&#8216;. <\/span><\/p>\n<p><span style=\"color: #000000;\">Es importante que los chicos participen de estas acciones ya que ellos son los principales replicadores de las reglas peatonales. <strong>Esta Ciudad Vial tiene 25 x 10m, est\u00e1 destinada a alumnos de primaria<\/strong>, donde, de acuerdo al grado que cursan, los agentes municipales les ense\u00f1an jugando las se\u00f1ales de tr\u00e1nsito y a respetar los sem\u00e1foros en un recorrido con kartings. <\/span><\/p>\n<p><span style=\"color: #000000;\">Desde la <strong>Direcci\u00f3n de Educaci\u00f3n de la Municipalidad<\/strong> se han contactado con las escuelas para que se inscriban y aprovechen esta oportunidad de aprendizaje de los alumnos.<\/span><\/p>\n<h5><span style=\"color: #000000;\">\u2022F.B.<\/span><\/h5>\n","protected":false},"excerpt":{"rendered":"<p>La Ciudad Vial, que permanecer\u00e1 en nuestro departamento hasta el 30 de noviembre, est\u00e1 destinada a la ense\u00f1anza sobre Seguridad Vial &#8230;<\/p>\n","protected":false},"author":8,"featured_media":101434,"comment_status":"open","ping_status":"open","sticky":false,"template":"","format":"standard","meta":{"footnotes":""},"categories":[5,56],"tags":[],"class_list":["post-101432","post","type-post","status-publish","format-standard","has-post-thumbnail","hentry","category-actualidad","category-seguridad-vial"],"_links":{"self":[{"href":"https:\/\/vinasfm.com\/noticias\/wp-json\/wp\/v2\/posts\/101432","targetHints":{"allow":["GET"]}}],"collection":[{"href":"https:\/\/vinasfm.com\/noticias\/wp-json\/wp\/v2\/posts"}],"about":[{"href":"https:\/\/vinasfm.com\/noticias\/wp-json\/wp\/v2\/types\/post"}],"author":[{"embeddable":true,"href":"https:\/\/vinasfm.com\/noticias\/wp-json\/wp\/v2\/users\/8"}],"replies":[{"embeddable":true,"href":"https:\/\/vinasfm.com\/noticias\/wp-json\/wp\/v2\/comments?post=101432"}],"version-history":[{"count":5,"href":"https:\/\/vinasfm.com\/noticias\/wp-json\/wp\/v2\/posts\/101432\/revisions"}],"predecessor-version":[{"id":101450,"href":"https:\/\/vinasfm.com\/noticias\/wp-json\/wp\/v2\/posts\/101432\/revisions\/101450"}],"wp:featuredmedia":[{"embeddable":true,"href":"https:\/\/vinasfm.com\/noticias\/wp-json\/wp\/v2\/media\/101434"}],"wp:attachment":[{"href":"https:\/\/vinasfm.com\/noticias\/wp-json\/wp\/v2\/media?parent=101432"}],"wp:term":[{"taxonomy":"category","embeddable":true,"href":"https:\/\/vinasfm.com\/noticias\/wp-json\/wp\/v2\/categories?post=101432"},{"taxonomy":"post_tag","embeddable":true,"href":"https:\/\/vinasfm.com\/noticias\/wp-json\/wp\/v2\/tags?post=101432"}],"curies":[{"name":"wp","href":"https:\/\/api.w.org\/{rel}","templated":true}]}}