{"id":101379,"date":"2021-11-21T10:59:05","date_gmt":"2021-11-21T13:59:05","guid":{"rendered":"http:\/\/vinasfm.com\/noticias\/?p=101379"},"modified":"2021-11-22T10:23:33","modified_gmt":"2021-11-22T13:23:33","slug":"abrieron-las-inscripciones-al-curso-de-manipulacion-de-alimentos","status":"publish","type":"post","link":"https:\/\/vinasfm.com\/noticias\/abrieron-las-inscripciones-al-curso-de-manipulacion-de-alimentos\/","title":{"rendered":"ABRIERON LAS INSCRIPCIONES AL CURSO DE MANIPULACI\u00d3N DE ALIMENTOS"},"content":{"rendered":"<h4><span style=\"color: #000000;\"><strong>La Directora de Inspecci\u00f3n General Marcela Juri inform\u00f3 acerca de los nuevos cursos de manipulaci\u00f3n de alimentos que se dictar\u00e1n en nuestro Departamento.<\/strong><\/span><\/h4>\n<p><span style=\"color: #000000;\">Es importante recordar que el curso de manipulaci\u00f3n de alimentos es un requisito indispensable para quienes producen o deseen comercializar alimentos, al igual que para los transportistas de productos alimenticios.<\/span><\/p>\n<p><span style=\"color: #000000;\">Es por ello que desde el Municipio se ponen a disposici\u00f3n estas capacitaciones, como la que <strong>se dictar\u00e1 este martes 23 de noviembre a las 16h en el Sal\u00f3n Fern\u00e1ndez del Predio Ferial<\/strong>. <\/span><\/p>\n<p><span style=\"color: #000000;\">El mismo curso <strong>se repetir\u00e1 el jueves 2 de diciembre a partir de las 8h<\/strong>,en tanto que <strong>el jueves 9 de diciembre, a las 16h<\/strong>, tendr\u00e1 lugar en el <strong>Club Uni\u00f3n Social y Deportivo Bowen<\/strong>.<\/span><\/p>\n<p><span style=\"color: #000000;\">\u201c<strong><em>Los cupos son limitados, por eso los interesados deben inscribirse en las oficinas de la Subdirecci\u00f3n de Bromatolog\u00eda de la Municipalidad de General Alvear de 7 a 13h y en la Delegaci\u00f3n Municipal de Bowen en el mismo horario. El curso de Manipulaci\u00f3n de alimentos tiene un costo de $500 y una validez de tres a\u00f1os<\/em><\/strong>\u201d, detall\u00f3 en di\u00e1logo con F.M. Vi\u00f1as la Directora de Inspecci\u00f3n <strong>Marcela Juri.<\/strong><\/span><\/p>\n","protected":false},"excerpt":{"rendered":"<p>La Directora de Inspecci\u00f3n General Marcela Juri inform\u00f3 acerca de los nuevos cursos de manipulaci\u00f3n de alimentos que se dictar\u00e1n en &#8230;<\/p>\n","protected":false},"author":8,"featured_media":101380,"comment_status":"open","ping_status":"open","sticky":false,"template":"","format":"standard","meta":{"footnotes":""},"categories":[5,10],"tags":[],"class_list":["post-101379","post","type-post","status-publish","format-standard","has-post-thumbnail","hentry","category-actualidad","category-destacadas"],"_links":{"self":[{"href":"https:\/\/vinasfm.com\/noticias\/wp-json\/wp\/v2\/posts\/101379","targetHints":{"allow":["GET"]}}],"collection":[{"href":"https:\/\/vinasfm.com\/noticias\/wp-json\/wp\/v2\/posts"}],"about":[{"href":"https:\/\/vinasfm.com\/noticias\/wp-json\/wp\/v2\/types\/post"}],"author":[{"embeddable":true,"href":"https:\/\/vinasfm.com\/noticias\/wp-json\/wp\/v2\/users\/8"}],"replies":[{"embeddable":true,"href":"https:\/\/vinasfm.com\/noticias\/wp-json\/wp\/v2\/comments?post=101379"}],"version-history":[{"count":2,"href":"https:\/\/vinasfm.com\/noticias\/wp-json\/wp\/v2\/posts\/101379\/revisions"}],"predecessor-version":[{"id":101383,"href":"https:\/\/vinasfm.com\/noticias\/wp-json\/wp\/v2\/posts\/101379\/revisions\/101383"}],"wp:featuredmedia":[{"embeddable":true,"href":"https:\/\/vinasfm.com\/noticias\/wp-json\/wp\/v2\/media\/101380"}],"wp:attachment":[{"href":"https:\/\/vinasfm.com\/noticias\/wp-json\/wp\/v2\/media?parent=101379"}],"wp:term":[{"taxonomy":"category","embeddable":true,"href":"https:\/\/vinasfm.com\/noticias\/wp-json\/wp\/v2\/categories?post=101379"},{"taxonomy":"post_tag","embeddable":true,"href":"https:\/\/vinasfm.com\/noticias\/wp-json\/wp\/v2\/tags?post=101379"}],"curies":[{"name":"wp","href":"https:\/\/api.w.org\/{rel}","templated":true}]}}