{"id":101269,"date":"2021-11-18T00:40:10","date_gmt":"2021-11-18T03:40:10","guid":{"rendered":"http:\/\/vinasfm.com\/noticias\/?p=101269"},"modified":"2021-11-18T20:30:11","modified_gmt":"2021-11-18T23:30:11","slug":"camion-cargado-con-manzanas-volco-en-la-curva-de-ingreso-a-monte-coman","status":"publish","type":"post","link":"https:\/\/vinasfm.com\/noticias\/camion-cargado-con-manzanas-volco-en-la-curva-de-ingreso-a-monte-coman\/","title":{"rendered":"CAMI\u00d3N CARGADO CON MANZANAS VOLC\u00d3 EN LA CURVA DE INGRESO A MONTE COM\u00c1N"},"content":{"rendered":"<h4><span style=\"color: #000000;\"><strong>En horas de la ma\u00f1ana de este mi\u00e9rcoles, un cami\u00f3n cargado con manzanas volc\u00f3 en la curva de ingreso a Monte Com\u00e1n sobre Ruta Provincial 171, escenario reiterado de accidentes de tr\u00e1nsito de esta \u00edndole.\u00a0\u00a0<\/strong><\/span><\/h4>\n<div id=\"attachment_101273\" style=\"width: 300px\" class=\"wp-caption alignleft\"><a style=\"color: #000000;\" href=\"http:\/\/vinasfm.com\/noticias\/wp-content\/uploads\/2021\/11\/254488107_881523139207755_4906496234427625102_n.jpg\"><img loading=\"lazy\" decoding=\"async\" aria-describedby=\"caption-attachment-101273\" class=\"size-medium wp-image-101273\" src=\"http:\/\/vinasfm.com\/noticias\/wp-content\/uploads\/2021\/11\/254488107_881523139207755_4906496234427625102_n-300x225.jpg\" alt=\"\" width=\"300\" height=\"225\" srcset=\"https:\/\/vinasfm.com\/noticias\/wp-content\/uploads\/2021\/11\/254488107_881523139207755_4906496234427625102_n-300x225.jpg 300w, https:\/\/vinasfm.com\/noticias\/wp-content\/uploads\/2021\/11\/254488107_881523139207755_4906496234427625102_n-1024x768.jpg 1024w, https:\/\/vinasfm.com\/noticias\/wp-content\/uploads\/2021\/11\/254488107_881523139207755_4906496234427625102_n-768x576.jpg 768w, https:\/\/vinasfm.com\/noticias\/wp-content\/uploads\/2021\/11\/254488107_881523139207755_4906496234427625102_n-1536x1152.jpg 1536w, https:\/\/vinasfm.com\/noticias\/wp-content\/uploads\/2021\/11\/254488107_881523139207755_4906496234427625102_n.jpg 1600w\" sizes=\"auto, (max-width: 300px) 100vw, 300px\" \/><\/a><p id=\"caption-attachment-101273\" class=\"wp-caption-text\"><span style=\"color: #000000;\">El cami\u00f3n qued\u00f3 de costado sobre la calzada.<\/span><\/p><\/div>\n<p><span style=\"color: #000000;\">El siniestro ocurri\u00f3 a las <strong>06:10hs <\/strong>aproximadamente, seg\u00fan inform\u00f3 Polic\u00eda Vial en di\u00e1logo con <em><strong>F.M. Vi\u00f1as<\/strong>. <\/em>A\u00fan no se han establecido las razones por las que <strong>el conductor perdi\u00f3 el dominio del rodado y volc\u00f3 sobre la curva conocida como &#8216;<em>vuelta de la pileta<\/em>&#8216; quedando de costado sobre la calzada.<\/strong><\/span><\/p>\n<p><span style=\"color: #000000;\"><strong>Proveniente de Santa Cruz y con destino a Mendoza Capital,<\/strong> el <strong>Scania<\/strong> que transportaba manzanas era conducido por un <strong>hombre <\/strong>de apellido <strong>Maras<\/strong>, <em>quien reviste algunos golpes<\/em>, y acompa\u00f1ado por otra persona de apellido <strong>Vel\u00e1zquez<\/strong>.<\/span><\/p>\n<p><span style=\"color: #000000;\">Comunicado el 911 sobre el hecho, el CEO desplaz\u00f3 hasta el lugar a personal policial\u00a0y profesionales de la salud para asistir a la v\u00edctima. Se labraron actuaciones en &#8216;<strong><em>Averiguaci\u00f3n Lesiones Culposas<\/em><\/strong>&#8216; bajo instrucci\u00f3n de la <strong>Unidad Fiscal de Comisar\u00eda 64\u00b0<\/strong>.<\/span><\/p>\n<h5><span style=\"color: #000000;\">\u2022F.B. (F.M. Vi\u00f1as).<\/span><\/h5>\n","protected":false},"excerpt":{"rendered":"<p>En horas de la ma\u00f1ana de este mi\u00e9rcoles, un cami\u00f3n cargado con manzanas volc\u00f3 en la curva de ingreso a Monte &#8230;<\/p>\n","protected":false},"author":8,"featured_media":101271,"comment_status":"open","ping_status":"open","sticky":false,"template":"","format":"standard","meta":{"footnotes":""},"categories":[5,4],"tags":[],"class_list":["post-101269","post","type-post","status-publish","format-standard","has-post-thumbnail","hentry","category-actualidad","category-policiales"],"_links":{"self":[{"href":"https:\/\/vinasfm.com\/noticias\/wp-json\/wp\/v2\/posts\/101269","targetHints":{"allow":["GET"]}}],"collection":[{"href":"https:\/\/vinasfm.com\/noticias\/wp-json\/wp\/v2\/posts"}],"about":[{"href":"https:\/\/vinasfm.com\/noticias\/wp-json\/wp\/v2\/types\/post"}],"author":[{"embeddable":true,"href":"https:\/\/vinasfm.com\/noticias\/wp-json\/wp\/v2\/users\/8"}],"replies":[{"embeddable":true,"href":"https:\/\/vinasfm.com\/noticias\/wp-json\/wp\/v2\/comments?post=101269"}],"version-history":[{"count":9,"href":"https:\/\/vinasfm.com\/noticias\/wp-json\/wp\/v2\/posts\/101269\/revisions"}],"predecessor-version":[{"id":101275,"href":"https:\/\/vinasfm.com\/noticias\/wp-json\/wp\/v2\/posts\/101269\/revisions\/101275"}],"wp:featuredmedia":[{"embeddable":true,"href":"https:\/\/vinasfm.com\/noticias\/wp-json\/wp\/v2\/media\/101271"}],"wp:attachment":[{"href":"https:\/\/vinasfm.com\/noticias\/wp-json\/wp\/v2\/media?parent=101269"}],"wp:term":[{"taxonomy":"category","embeddable":true,"href":"https:\/\/vinasfm.com\/noticias\/wp-json\/wp\/v2\/categories?post=101269"},{"taxonomy":"post_tag","embeddable":true,"href":"https:\/\/vinasfm.com\/noticias\/wp-json\/wp\/v2\/tags?post=101269"}],"curies":[{"name":"wp","href":"https:\/\/api.w.org\/{rel}","templated":true}]}}