{"id":101262,"date":"2021-11-17T00:01:57","date_gmt":"2021-11-17T03:01:57","guid":{"rendered":"http:\/\/vinasfm.com\/noticias\/?p=101262"},"modified":"2021-11-17T18:39:55","modified_gmt":"2021-11-17T21:39:55","slug":"iscamen-recuerda-que-se-encuentra-vigente-el-registro-para-danos-por-catas","status":"publish","type":"post","link":"https:\/\/vinasfm.com\/noticias\/iscamen-recuerda-que-se-encuentra-vigente-el-registro-para-danos-por-catas\/","title":{"rendered":"ISCAMEN RECUERDA QUE SE ENCUENTRA VIGENTE EL REGISTRO PARA DA\u00d1OS POR CATAS"},"content":{"rendered":"<h4><strong><span style=\"color: #000000;\">El organismo informa que se encuentra vigente el registro de denuncia para cultivos afectados. El mismo es online y se accede a trav\u00e9s del RENSPA\/RUT de la propiedad.<\/span><\/strong><\/h4>\n<p><span style=\"color: #000000;\">Con el objeto de establecer las \u00e1reas poblacionales de las aves y su impacto en zonas cultivables de Mendoza, el registro busca estimar el da\u00f1o agr\u00edcola producido por las mismas.<\/span><\/p>\n<p><span style=\"color: #000000;\">Los productores deber\u00e1n ingresar\u00a0 al apartado \u2013<\/span>\u00a0<a href=\"http:\/\/www.iscamen.com.ar\/certificacion_danio.php\" target=\"_blank\" rel=\"noreferrer noopener\">Catas: Registro por da\u00f1o en cultivos-<\/a><span style=\"color: #000000;\">, en la web de ISCAMEN:<\/span>\u00a0<a href=\"http:\/\/www.iscamen.com.ar\/\" target=\"_blank\" rel=\"noreferrer noopener\">www.iscamen.com.ar<\/a>. <span style=\"color: #000000;\">Una vez all\u00ed,\u00a0con la introducci\u00f3n del RENSPA\/RUT de la propiedad,\u00a0aparecer\u00e1n autom\u00e1ticamente los campos obligatorios a llenar con \u00a0los datos del titular y de la propiedad.<\/span><\/p>\n<p><span style=\"color: #000000;\">En el mencionado registro el interesado deber\u00e1 colocar la fecha aproximada del da\u00f1o producido y cu\u00e1l ha sido el cultivo afectado, aclarando el sector da\u00f1ado dentro de la propiedad, debiendo establecer adem\u00e1s\u00a0los linderos afines.<\/span><\/p>\n<p><span style=\"color: #000000;\">Asimismo, se consulta si el productor realiza alg\u00fan tipo de control sobre catas y en caso afirmativo en qu\u00e9 consiste dicho control.<\/span><\/p>\n<p><span style=\"color: #000000;\">Es fundamental incorporar en el registro un contacto en la propiedad,\u00a0ya sea encargado, empleado, u otro referente autorizado en finca, as\u00ed como\u00a0un n\u00famero telef\u00f3nico para que personal de ISCAMEN pueda contactarse y poder realizar\u00a0la verificaci\u00f3n de da\u00f1os.<\/span><\/p>\n","protected":false},"excerpt":{"rendered":"<p>El organismo informa que se encuentra vigente el registro de denuncia para cultivos afectados. El mismo es online y se accede &#8230;<\/p>\n","protected":false},"author":8,"featured_media":101263,"comment_status":"open","ping_status":"open","sticky":false,"template":"","format":"standard","meta":{"footnotes":""},"categories":[5,35],"tags":[],"class_list":["post-101262","post","type-post","status-publish","format-standard","has-post-thumbnail","hentry","category-actualidad","category-iscamen"],"_links":{"self":[{"href":"https:\/\/vinasfm.com\/noticias\/wp-json\/wp\/v2\/posts\/101262","targetHints":{"allow":["GET"]}}],"collection":[{"href":"https:\/\/vinasfm.com\/noticias\/wp-json\/wp\/v2\/posts"}],"about":[{"href":"https:\/\/vinasfm.com\/noticias\/wp-json\/wp\/v2\/types\/post"}],"author":[{"embeddable":true,"href":"https:\/\/vinasfm.com\/noticias\/wp-json\/wp\/v2\/users\/8"}],"replies":[{"embeddable":true,"href":"https:\/\/vinasfm.com\/noticias\/wp-json\/wp\/v2\/comments?post=101262"}],"version-history":[{"count":3,"href":"https:\/\/vinasfm.com\/noticias\/wp-json\/wp\/v2\/posts\/101262\/revisions"}],"predecessor-version":[{"id":101267,"href":"https:\/\/vinasfm.com\/noticias\/wp-json\/wp\/v2\/posts\/101262\/revisions\/101267"}],"wp:featuredmedia":[{"embeddable":true,"href":"https:\/\/vinasfm.com\/noticias\/wp-json\/wp\/v2\/media\/101263"}],"wp:attachment":[{"href":"https:\/\/vinasfm.com\/noticias\/wp-json\/wp\/v2\/media?parent=101262"}],"wp:term":[{"taxonomy":"category","embeddable":true,"href":"https:\/\/vinasfm.com\/noticias\/wp-json\/wp\/v2\/categories?post=101262"},{"taxonomy":"post_tag","embeddable":true,"href":"https:\/\/vinasfm.com\/noticias\/wp-json\/wp\/v2\/tags?post=101262"}],"curies":[{"name":"wp","href":"https:\/\/api.w.org\/{rel}","templated":true}]}}