{"id":101237,"date":"2021-11-17T23:59:49","date_gmt":"2021-11-18T02:59:49","guid":{"rendered":"http:\/\/vinasfm.com\/noticias\/?p=101237"},"modified":"2021-11-18T20:24:57","modified_gmt":"2021-11-18T23:24:57","slug":"tuvimos-que-pagar-por-lo-nuestro-el-crudo-relato-de-otra-victima-de-la-inseguridad","status":"publish","type":"post","link":"https:\/\/vinasfm.com\/noticias\/tuvimos-que-pagar-por-lo-nuestro-el-crudo-relato-de-otra-victima-de-la-inseguridad\/","title":{"rendered":"&#8216;TUVIMOS QUE PAGAR POR LO NUESTRO&#8217;: EL CRUDO RELATO DE OTRA V\u00cdCTIMA DE LA INSEGURIDAD"},"content":{"rendered":"<h4><span style=\"color: #000000;\"><strong>La familia que reside en el B\u00ba Municipal IV de nuestra Ciudad que d\u00edas atr\u00e1s hab\u00eda sufrido la sustracci\u00f3n de tres bicicletas todo terreno de competici\u00f3n y un Tv Led 50\u2033 tuvo que entregar otros bienes materiales para poder recuperarlos, mediante un intermediario con los delincuentes.<\/strong><\/span><\/h4>\n<p><span style=\"color: #000000;\"><strong>El pasado 7 de noviembre en horas de la madrugada, una familia cuya vivienda est\u00e1 ubicada en el B\u00b0 Municipal IV sufri\u00f3 el robo de tres bicicletas mountain bike y una TV<\/strong>. Todos los bienes estaban dentro del hogar, pero los delincuentes forzaron el port\u00f3n de la vivienda e igualmente llevaron a cabo el delito. Once d\u00edas despu\u00e9s, Valeria Lucero, quien fue una de las v\u00edctimas del hecho, confirm\u00f3 que <strong>recuperaron los bienes aunque lamentablemente fue a trav\u00e9s de una transacci\u00f3n<\/strong>.<\/span><\/p>\n<p><span style=\"color: #000000;\"><strong>Valeria<\/strong> indic\u00f3 <\/span><span style=\"color: #000000;\">en di\u00e1logo con <strong>F.M. VI\u00d1AS <\/strong>que los elementos robados\u00a0<\/span><em style=\"color: #000000;\"><strong>\u00aberan cosas indispensable para nuestras vidas as\u00ed que tuvimos que pagar por lo nuestro. Por un intermediario nos contactamos y ellos optaron por venderme las cosas\u00bb<\/strong><\/em><span style=\"color: #000000;\">. Sobre esta negociaci\u00f3n, aclar\u00f3: <\/span><em style=\"color: #000000;\"><strong>\u00abMe ped\u00edan efectivo, en lo que se equivocaron de familia porque no tenemos ahorros, vivimos del d\u00eda a d\u00eda, y llegando a fin de mes con lo justo\u00bb<\/strong><\/em><span style=\"color: #000000;\">.<\/span><\/p>\n<p><span style=\"color: #000000;\">Leer tambi\u00e9n: <a href=\"http:\/\/vinasfm.com\/noticias\/robaron-tres-bicicletas-y-un-tv-led-50-en-una-vivienda-del-bo-municipal-iv\/\"><strong>ROBARON TRES BICICLETAS Y UN TV LED 50\u2033 EN UNA VIVIENDA DEL B\u00ba MUNICIPAL IV: HAY UN DETENIDO<\/strong><\/a><\/span><\/p>\n<p><span style=\"color: #000000;\">Ante esta realidad de la familia que sufri\u00f3 el robo de sus pertenencias, la v\u00edctima explic\u00f3: <em><strong>\u00abTuve que entregar un televisor Philip 32\u00bb y un celular Samsung A8, porque entre otras cosas que yo les hab\u00eda ofrecido los definieron como bagayos, aunque a m\u00ed me cost\u00f3 much\u00edsimo. Entonces entregamos cosas que quiz\u00e1s son m\u00e1s f\u00e1ciles de conseguir y no son indispensables como las bicicletas, que para el deporte y movilidad son necesarias para nosotras\u00bb<\/strong><\/em>.<\/span><\/p>\n<p><span style=\"color: #000000;\">Por \u00faltimo, apunt\u00f3 contra la justicia por la situaci\u00f3n lamentable que atraves\u00f3: <em><strong>\u00abYo no acuso a la Polic\u00eda de inepta ni nada parecido, porque la Justicia est\u00e1 mal. Hay gente que quiere hacer bien su trabajo pero se los limita y se hace costumbre esta modalidad de robar y transar de nuevo con la v\u00edctima. Es lo menos viable, pero no queda otra\u00bb.<\/strong><\/em><\/span><\/p>\n<h5><span style=\"color: #000000;\"><strong>\u2022L.A.<\/strong><\/span><\/h5>\n","protected":false},"excerpt":{"rendered":"<p>La familia que reside en el B\u00ba Municipal IV de nuestra Ciudad que d\u00edas atr\u00e1s hab\u00eda sufrido la sustracci\u00f3n de tres &#8230;<\/p>\n","protected":false},"author":7,"featured_media":101250,"comment_status":"open","ping_status":"open","sticky":false,"template":"","format":"standard","meta":{"footnotes":""},"categories":[5,4],"tags":[],"class_list":["post-101237","post","type-post","status-publish","format-standard","has-post-thumbnail","hentry","category-actualidad","category-policiales"],"_links":{"self":[{"href":"https:\/\/vinasfm.com\/noticias\/wp-json\/wp\/v2\/posts\/101237","targetHints":{"allow":["GET"]}}],"collection":[{"href":"https:\/\/vinasfm.com\/noticias\/wp-json\/wp\/v2\/posts"}],"about":[{"href":"https:\/\/vinasfm.com\/noticias\/wp-json\/wp\/v2\/types\/post"}],"author":[{"embeddable":true,"href":"https:\/\/vinasfm.com\/noticias\/wp-json\/wp\/v2\/users\/7"}],"replies":[{"embeddable":true,"href":"https:\/\/vinasfm.com\/noticias\/wp-json\/wp\/v2\/comments?post=101237"}],"version-history":[{"count":10,"href":"https:\/\/vinasfm.com\/noticias\/wp-json\/wp\/v2\/posts\/101237\/revisions"}],"predecessor-version":[{"id":101259,"href":"https:\/\/vinasfm.com\/noticias\/wp-json\/wp\/v2\/posts\/101237\/revisions\/101259"}],"wp:featuredmedia":[{"embeddable":true,"href":"https:\/\/vinasfm.com\/noticias\/wp-json\/wp\/v2\/media\/101250"}],"wp:attachment":[{"href":"https:\/\/vinasfm.com\/noticias\/wp-json\/wp\/v2\/media?parent=101237"}],"wp:term":[{"taxonomy":"category","embeddable":true,"href":"https:\/\/vinasfm.com\/noticias\/wp-json\/wp\/v2\/categories?post=101237"},{"taxonomy":"post_tag","embeddable":true,"href":"https:\/\/vinasfm.com\/noticias\/wp-json\/wp\/v2\/tags?post=101237"}],"curies":[{"name":"wp","href":"https:\/\/api.w.org\/{rel}","templated":true}]}}