{"id":101223,"date":"2021-11-17T10:01:34","date_gmt":"2021-11-17T13:01:34","guid":{"rendered":"http:\/\/vinasfm.com\/noticias\/?p=101223"},"modified":"2021-11-18T12:58:47","modified_gmt":"2021-11-18T15:58:47","slug":"alvear-beneficiado-con-un-nodo-tecnologico-que-funcionara-en-ugacoop","status":"publish","type":"post","link":"https:\/\/vinasfm.com\/noticias\/alvear-beneficiado-con-un-nodo-tecnologico-que-funcionara-en-ugacoop\/","title":{"rendered":"ALVEAR BENEFICIADO CON UN NODO TECNOL\u00d3GICO QUE FUNCIONAR\u00c1 EN UGACOOP"},"content":{"rendered":"<h4><span style=\"color: #000000;\"><strong>General Alvear ser\u00e1 beneficiado con un Nodo Tecnol\u00f3gico que funcionar\u00e1 en Ugacoop y que contar\u00e1 con 25 computadoras, equipo de proyecci\u00f3n, routers, 4 impresoras, mobiliario e infraestructura. <\/strong><\/span><\/h4>\n<p><span style=\"color: #000000;\">Esto es gracias al <strong>Programa &#8216;Nodos de la Econom\u00eda del Conocimiento&#8217;<\/strong>, de la SECRETAR\u00cdA DE INDUSTRIA, ECONOM\u00cdA DEL CONOCIMIENTO Y GESTI\u00d3N COMERCIAL EXTERNA del MINISTERIO DE DESARROLLO PRODUCTIVO DE LA NACI\u00d3N. <\/span><\/p>\n<p><span style=\"color: #000000;\">El objetivo consiste en <strong>promover la conformaci\u00f3n y consolidaci\u00f3n de agrupamientos de empresas e instituciones dedicadas a la producci\u00f3n de bienes y servicios<\/strong> de la Econom\u00eda del Conocimiento que dinamicen, diversifiquen y fortalezcan las econom\u00edas regionales de acuerdo al esp\u00edritu de Ley N\u00b0 27.506 y su modificatoria. <\/span><\/p>\n<p><span style=\"color: #000000;\">En ese contexto, la Municipalidad de General Alvear y Ugacoop, <strong>presentaron un proyecto que fue aprobado para contar con este nuevo Nodo Tecnol\u00f3gico<\/strong>.<\/span><\/p>\n","protected":false},"excerpt":{"rendered":"<p>General Alvear ser\u00e1 beneficiado con un Nodo Tecnol\u00f3gico que funcionar\u00e1 en Ugacoop y que contar\u00e1 con 25 computadoras, equipo de proyecci\u00f3n, &#8230;<\/p>\n","protected":false},"author":8,"featured_media":98391,"comment_status":"open","ping_status":"open","sticky":false,"template":"","format":"standard","meta":{"footnotes":""},"categories":[5,10],"tags":[],"class_list":["post-101223","post","type-post","status-publish","format-standard","has-post-thumbnail","hentry","category-actualidad","category-destacadas"],"_links":{"self":[{"href":"https:\/\/vinasfm.com\/noticias\/wp-json\/wp\/v2\/posts\/101223","targetHints":{"allow":["GET"]}}],"collection":[{"href":"https:\/\/vinasfm.com\/noticias\/wp-json\/wp\/v2\/posts"}],"about":[{"href":"https:\/\/vinasfm.com\/noticias\/wp-json\/wp\/v2\/types\/post"}],"author":[{"embeddable":true,"href":"https:\/\/vinasfm.com\/noticias\/wp-json\/wp\/v2\/users\/8"}],"replies":[{"embeddable":true,"href":"https:\/\/vinasfm.com\/noticias\/wp-json\/wp\/v2\/comments?post=101223"}],"version-history":[{"count":6,"href":"https:\/\/vinasfm.com\/noticias\/wp-json\/wp\/v2\/posts\/101223\/revisions"}],"predecessor-version":[{"id":101286,"href":"https:\/\/vinasfm.com\/noticias\/wp-json\/wp\/v2\/posts\/101223\/revisions\/101286"}],"wp:featuredmedia":[{"embeddable":true,"href":"https:\/\/vinasfm.com\/noticias\/wp-json\/wp\/v2\/media\/98391"}],"wp:attachment":[{"href":"https:\/\/vinasfm.com\/noticias\/wp-json\/wp\/v2\/media?parent=101223"}],"wp:term":[{"taxonomy":"category","embeddable":true,"href":"https:\/\/vinasfm.com\/noticias\/wp-json\/wp\/v2\/categories?post=101223"},{"taxonomy":"post_tag","embeddable":true,"href":"https:\/\/vinasfm.com\/noticias\/wp-json\/wp\/v2\/tags?post=101223"}],"curies":[{"name":"wp","href":"https:\/\/api.w.org\/{rel}","templated":true}]}}