{"id":101214,"date":"2021-11-17T00:30:45","date_gmt":"2021-11-17T03:30:45","guid":{"rendered":"http:\/\/vinasfm.com\/noticias\/?p=101214"},"modified":"2021-11-17T19:16:47","modified_gmt":"2021-11-17T22:16:47","slug":"la-casa-de-rusia-inicia-su-agenda-de-actividades-culturales-en-general-alvear","status":"publish","type":"post","link":"https:\/\/vinasfm.com\/noticias\/la-casa-de-rusia-inicia-su-agenda-de-actividades-culturales-en-general-alvear\/","title":{"rendered":"LA CASA DE RUSIA INICIA SU AGENDA DE ACTIVIDADES CULTURALES EN GENERAL ALVEAR"},"content":{"rendered":"<h4><span style=\"color: #000000;\"><strong>El Intendente Walther Marcolini, la Coordinadora General de Planificaci\u00f3n y Relaciones Internacionales, Carina Lucero, y la Directora de Cultura, Liana Piedrafita, brindaron detalles sobre el cronograma de la Casa de Rusia en el departamento, que se extender\u00e1 desde el martes 16 al jueves 18 de noviembre, y destacaron la importancia de fortalecer los lazos internacionales.<\/strong><\/span><\/h4>\n<p><span style=\"color: #000000;\">En el marco del trabajo de la Direcci\u00f3n de Cultura y de la oficina de Cooperaci\u00f3n Internacional, el Intendente destac\u00f3: &#8216;<strong><em>Recibimos la visita de Casa de Rusia, una dependencia en materia cultural de la Embajada de Rusia en la Argentina. Para nosotros tiene un valor enorme por el hecho de que ellos se comunicaron con nuestra Direcci\u00f3n de Cultura para homenajear a Alejo Abutcov y para traer toda su actividad a la provincia de Mendoza&#8217;<\/em><\/strong>.<\/span><\/p>\n<p><span style=\"color: #000000;\">El Jefe Comunal consider\u00f3 que la visita fortalece el lazo con Rusia, no solo a nivel cultural sino comercial: &#8216;<strong><em>Nos abre la puerta a un segundo hecho importante que es el trabajo con la Embajada de Rusia en la Argentina, teniendo en cuenta que es un destino importante principalmente de nuestras exportaciones de ciruela de secada&#8217;<\/em><\/strong>.<\/span><\/p>\n<p><span style=\"color: #000000;\">Por su parte, la Coordinadora General de Planificaci\u00f3n y Relaciones Internacionales indic\u00f3 que la llegada de <strong><em>Casa de Rusia<\/em> <\/strong>pone en valor la pol\u00edtica cultural del departamento y le da visibilidad internacional. Asimismo, volvi\u00f3 a enfatizar en el aspecto comercial: &#8216;<strong><em>Para nosotros esta visita es de vital importancia porque es una presencia concreta de un aliado internacional en nuestro territorio y nos permite fortalecer los v\u00ednculos con el Estado ruso y con todos sus movimientos en importaciones y exportaciones&#8217;.<\/em><\/strong><\/span><\/p>\n<p><span style=\"color: #000000;\">La Directora de Cultura se refiri\u00f3 a la raz\u00f3n por la cual <strong><em>Casa de Rusia<\/em><\/strong> decidi\u00f3 visitar el departamento: &#8216;<strong><em>Alvear tiene desde los or\u00edgenes una particularidad que tiene que ver con la cantidad de culturas que llegaron. Alvear ha sido cuna de personajes de todo el mundo&#8217;. <\/em><\/strong>Expres\u00f3 que entre esas personalidades destacadas se encuentra el c\u00e9lebre m\u00fasico ruso Alejo Abutcov, quien en la d\u00e9cada del \u201940 decidi\u00f3 vivir en Carmensa y cuya elecci\u00f3n despert\u00f3 el inter\u00e9s de la Embajada.<\/span><\/p>\n<p><span style=\"color: #000000;\">Por otro lado, <strong>Piedrafita<\/strong> detall\u00f3 el cronograma de actividades de La Casa de Rusia: &#8216;<em>Va a estar <strong>martes, mi\u00e9rcoles y jueves<\/strong> y en esta visita traen parte de su cultura. En en el cementerio estaremos realizando una <strong>entrega floral en la tumba de Alejo Abutcov<\/strong> junto a Igor Bonadikov, Asesor principal de la Casa de Rusia en Buenos Aires, y Olga Muratova, Directora de la Casa de Rusia. Mientras que <strong>a las 19 hs. en el Teatro, Alas del Viento interpretar\u00e1 m\u00fasica cl\u00e1sica rusa<\/strong><\/em>&#8216;.<\/span><\/p>\n<p><span style=\"color: #000000;\">Para concluir la conferencia y en relaci\u00f3n con las visitas internacionales, mandatario fue consultado por <em>F.M. Vi\u00f1as<\/em> sobre el impacto que supone para el departamento el arribo de la delegaci\u00f3n proveniente de la Escuela Superior Polit\u00e9cnica de Chimborazo, la visita de &#8216;Casa de Rusia&#8217; y la pronta llegada del National Danish Performance Team. <\/span><\/p>\n<p><span style=\"color: #000000;\">&#8216;<strong><em>Uno va abarcando con una visi\u00f3n integral todas las actividades, los deportes, la cultura, la ciencia, la tecnolog\u00eda, la educaci\u00f3n, es lo \u00fanico que a los pueblos los pone en un estadio de desarrollo superior y es un camino a largo plazo, a veces dif\u00edcil de atravesar, pero un camino que no se puede abandonar&#8217;, <\/em><\/strong>asegur\u00f3.<\/span><\/p>\n<p><span style=\"color: #000000;\">El Intendente y las funcionarias invitaron a los vecinos a participar de todas las actividades que llevar\u00e1 a cabo Casa de Rusia. Las mismas <strong>son de entrada libre y gratuita y tendr\u00e1n lugar en el Cine Teatro Antonio Lafalla<\/strong>, con excepci\u00f3n de la entrega floral.<\/span><\/p>\n<h5><span style=\"color: #000000;\">\u2022F.B.<\/span><\/h5>\n","protected":false},"excerpt":{"rendered":"<p>El Intendente Walther Marcolini, la Coordinadora General de Planificaci\u00f3n y Relaciones Internacionales, Carina Lucero, y la Directora de Cultura, Liana Piedrafita, &#8230;<\/p>\n","protected":false},"author":8,"featured_media":101215,"comment_status":"open","ping_status":"open","sticky":false,"template":"","format":"standard","meta":{"footnotes":""},"categories":[5,19],"tags":[],"class_list":["post-101214","post","type-post","status-publish","format-standard","has-post-thumbnail","hentry","category-actualidad","category-cultura"],"_links":{"self":[{"href":"https:\/\/vinasfm.com\/noticias\/wp-json\/wp\/v2\/posts\/101214","targetHints":{"allow":["GET"]}}],"collection":[{"href":"https:\/\/vinasfm.com\/noticias\/wp-json\/wp\/v2\/posts"}],"about":[{"href":"https:\/\/vinasfm.com\/noticias\/wp-json\/wp\/v2\/types\/post"}],"author":[{"embeddable":true,"href":"https:\/\/vinasfm.com\/noticias\/wp-json\/wp\/v2\/users\/8"}],"replies":[{"embeddable":true,"href":"https:\/\/vinasfm.com\/noticias\/wp-json\/wp\/v2\/comments?post=101214"}],"version-history":[{"count":1,"href":"https:\/\/vinasfm.com\/noticias\/wp-json\/wp\/v2\/posts\/101214\/revisions"}],"predecessor-version":[{"id":101216,"href":"https:\/\/vinasfm.com\/noticias\/wp-json\/wp\/v2\/posts\/101214\/revisions\/101216"}],"wp:featuredmedia":[{"embeddable":true,"href":"https:\/\/vinasfm.com\/noticias\/wp-json\/wp\/v2\/media\/101215"}],"wp:attachment":[{"href":"https:\/\/vinasfm.com\/noticias\/wp-json\/wp\/v2\/media?parent=101214"}],"wp:term":[{"taxonomy":"category","embeddable":true,"href":"https:\/\/vinasfm.com\/noticias\/wp-json\/wp\/v2\/categories?post=101214"},{"taxonomy":"post_tag","embeddable":true,"href":"https:\/\/vinasfm.com\/noticias\/wp-json\/wp\/v2\/tags?post=101214"}],"curies":[{"name":"wp","href":"https:\/\/api.w.org\/{rel}","templated":true}]}}