{"id":101195,"date":"2021-11-17T10:17:04","date_gmt":"2021-11-17T13:17:04","guid":{"rendered":"http:\/\/vinasfm.com\/noticias\/?p=101195"},"modified":"2021-11-18T06:46:22","modified_gmt":"2021-11-18T09:46:22","slug":"hernan-climent-es-un-compromiso-mayor-con-todos-los-alvearenses-que-han-apoyado-la-gestion","status":"publish","type":"post","link":"https:\/\/vinasfm.com\/noticias\/hernan-climent-es-un-compromiso-mayor-con-todos-los-alvearenses-que-han-apoyado-la-gestion\/","title":{"rendered":"HERN\u00c1N CLIMENT SOBRE EL RESULTADO DE LAS ELECCIONES: &#8216;ES UN COMPROMISO MAYOR CON TODOS LOS ALVEARENSES&#8217;"},"content":{"rendered":"<h4><strong><span style=\"color: #000000;\">Este domingo 14 los alvearenses en las elecciones legislativas generales d\u00e1ndole el respaldo y acompa\u00f1amiento y la victoria a los candidatos apoyando por la gesti\u00f3n del intendente departamental.<\/span><\/strong><\/h4>\n<p><span style=\"color: #000000;\">Hernan Climent actual delegado del Bowen y hoy concejal electo en las generales del pasado domingo 14, qui\u00e9n encabezo la lista respaldada y acompa\u00f1ada por el ejecutivo departamental. En di\u00e1logo con F<em><strong>.M. VI\u00d1AS, Hernan Climent, expres\u00f3: &#8216;Es una alegr\u00eda, se ha podido ganar en todo el territorio en Cochico, Canaleja, Corral de Lorca y todos los distritos es un reconocimiento a la gesti\u00f3n y un reconocimiento al esfuerzo que hace nuestro intendente todos los d\u00edas&#8217;.<\/strong><\/em><\/span><\/p>\n<p><span style=\"color: #000000;\"><strong><em>&#8216;Es un compromiso mayor con todos esos alvearenses que han apoyado la gesti\u00f3n, que nos han vuelto a decir que les gusta la forma de gestionar, esta descentralizaci\u00f3n de los recursos y tenemos que dar una respuesta a estas inquietudes de los vecinos&#8217;<\/em><\/strong>, se\u00f1al\u00f3. <\/span><\/p>\n<p><em><strong><span style=\"color: #000000;\">&#8216;Bowen sigue apoyado estas elecciones una vez m\u00e1s, un agradecimiento a la gente y decirles que vamos a estar presentes ahora y hasta que asumamos como concejal y de ah\u00ed mucho m\u00e1s&#8217;, <\/span><\/strong><\/em><span style=\"color: #000000;\">subray\u00f3 <\/span><span style=\"color: #000000;\">al <\/span><span style=\"color: #000000;\">finalizar Hernan Climent<\/span><em><strong><span style=\"color: #000000;\">.\u00a0<\/span><\/strong><\/em><\/p>\n<h5><span style=\"color: #000000;\">\u2022C.F.<\/span><\/h5>\n<p>&nbsp;<\/p>\n<p>&nbsp;<\/p>\n","protected":false},"excerpt":{"rendered":"<p>Este domingo 14 los alvearenses en las elecciones legislativas generales d\u00e1ndole el respaldo y acompa\u00f1amiento y la victoria a los candidatos &#8230;<\/p>\n","protected":false},"author":7,"featured_media":95243,"comment_status":"open","ping_status":"open","sticky":false,"template":"","format":"standard","meta":{"footnotes":""},"categories":[5,7],"tags":[],"class_list":["post-101195","post","type-post","status-publish","format-standard","has-post-thumbnail","hentry","category-actualidad","category-politica"],"_links":{"self":[{"href":"https:\/\/vinasfm.com\/noticias\/wp-json\/wp\/v2\/posts\/101195","targetHints":{"allow":["GET"]}}],"collection":[{"href":"https:\/\/vinasfm.com\/noticias\/wp-json\/wp\/v2\/posts"}],"about":[{"href":"https:\/\/vinasfm.com\/noticias\/wp-json\/wp\/v2\/types\/post"}],"author":[{"embeddable":true,"href":"https:\/\/vinasfm.com\/noticias\/wp-json\/wp\/v2\/users\/7"}],"replies":[{"embeddable":true,"href":"https:\/\/vinasfm.com\/noticias\/wp-json\/wp\/v2\/comments?post=101195"}],"version-history":[{"count":4,"href":"https:\/\/vinasfm.com\/noticias\/wp-json\/wp\/v2\/posts\/101195\/revisions"}],"predecessor-version":[{"id":101261,"href":"https:\/\/vinasfm.com\/noticias\/wp-json\/wp\/v2\/posts\/101195\/revisions\/101261"}],"wp:featuredmedia":[{"embeddable":true,"href":"https:\/\/vinasfm.com\/noticias\/wp-json\/wp\/v2\/media\/95243"}],"wp:attachment":[{"href":"https:\/\/vinasfm.com\/noticias\/wp-json\/wp\/v2\/media?parent=101195"}],"wp:term":[{"taxonomy":"category","embeddable":true,"href":"https:\/\/vinasfm.com\/noticias\/wp-json\/wp\/v2\/categories?post=101195"},{"taxonomy":"post_tag","embeddable":true,"href":"https:\/\/vinasfm.com\/noticias\/wp-json\/wp\/v2\/tags?post=101195"}],"curies":[{"name":"wp","href":"https:\/\/api.w.org\/{rel}","templated":true}]}}