{"id":101167,"date":"2021-11-16T08:45:51","date_gmt":"2021-11-16T11:45:51","guid":{"rendered":"http:\/\/vinasfm.com\/noticias\/?p=101167"},"modified":"2021-11-17T07:36:33","modified_gmt":"2021-11-17T10:36:33","slug":"un-vehiculo-y-una-moto-impactaron-en-la-esquina-de-mitre-y-26-de-julio","status":"publish","type":"post","link":"https:\/\/vinasfm.com\/noticias\/un-vehiculo-y-una-moto-impactaron-en-la-esquina-de-mitre-y-26-de-julio\/","title":{"rendered":"UN VEH\u00cdCULO Y UNA MOTO IMPACTARON EN LA ESQUINA DE MITRE Y 26 DE JULIO"},"content":{"rendered":"<h4><span style=\"color: #000000;\"><strong>Un motociclista termin\u00f3 con varios golpes tras impactar con un veh\u00edculo en la intersecci\u00f3n de calles Mitre y 26 de Julio de Ciudad.<\/strong><\/span><\/h4>\n<p><span style=\"color: #000000;\">El siniestro ocurri\u00f3 el <strong>pasado domingo<\/strong> alrededor de las <strong>12:30hs<\/strong> entre un <strong>Fiat Fiorino<\/strong> y una <strong>motocicleta<\/strong> marca <strong>Yamaha<\/strong>, ambas movilidades conducidas por hombres mayores de edad.<\/span><\/p>\n<p><span style=\"color: #000000;\">Consultados sobre la mec\u00e1nica del impacto, <strong>Polic\u00eda Vial<\/strong> inform\u00f3 a trav\u00e9s de <strong>F.M. VI\u00d1AS<\/strong> que <strong>el utilitario circulaba por calle 26 de julio<\/strong> y al llegar a la intersecci\u00f3n con calle Mitre colision\u00f3 con el rodado menor. <\/span><\/p>\n<p><span style=\"color: #000000;\">A ra\u00edz del impacto, el motociclista cay\u00f3 pesadamente al suelo ocasion\u00e1ndole <strong><em>lesiones de car\u00e1cter leve<\/em><\/strong>, motivo por el fue asistido por personal del Hospital Enfermeros Argentinos.<\/span><\/p>\n<p><span style=\"color: #000000;\">Trabajo en el escenario del hecho personal de Comisar\u00eda 14\u00b0, donde se labraron actuaciones en &#8216;<strong><em>Averiguaci\u00f3n Lesiones Culposas<\/em><\/strong>&#8216; bajo instrucci\u00f3n de la Unidad Fiscal de General Alvear.<\/span><\/p>\n<h5><span style=\"color: #000000;\">\u2022F.B.<\/span><\/h5>\n","protected":false},"excerpt":{"rendered":"<p>Un motociclista termin\u00f3 con varios golpes tras impactar con un veh\u00edculo en la intersecci\u00f3n de calles Mitre y 26 de Julio &#8230;<\/p>\n","protected":false},"author":8,"featured_media":101168,"comment_status":"open","ping_status":"open","sticky":false,"template":"","format":"standard","meta":{"footnotes":""},"categories":[5,4],"tags":[],"class_list":["post-101167","post","type-post","status-publish","format-standard","has-post-thumbnail","hentry","category-actualidad","category-policiales"],"_links":{"self":[{"href":"https:\/\/vinasfm.com\/noticias\/wp-json\/wp\/v2\/posts\/101167","targetHints":{"allow":["GET"]}}],"collection":[{"href":"https:\/\/vinasfm.com\/noticias\/wp-json\/wp\/v2\/posts"}],"about":[{"href":"https:\/\/vinasfm.com\/noticias\/wp-json\/wp\/v2\/types\/post"}],"author":[{"embeddable":true,"href":"https:\/\/vinasfm.com\/noticias\/wp-json\/wp\/v2\/users\/8"}],"replies":[{"embeddable":true,"href":"https:\/\/vinasfm.com\/noticias\/wp-json\/wp\/v2\/comments?post=101167"}],"version-history":[{"count":1,"href":"https:\/\/vinasfm.com\/noticias\/wp-json\/wp\/v2\/posts\/101167\/revisions"}],"predecessor-version":[{"id":101170,"href":"https:\/\/vinasfm.com\/noticias\/wp-json\/wp\/v2\/posts\/101167\/revisions\/101170"}],"wp:featuredmedia":[{"embeddable":true,"href":"https:\/\/vinasfm.com\/noticias\/wp-json\/wp\/v2\/media\/101168"}],"wp:attachment":[{"href":"https:\/\/vinasfm.com\/noticias\/wp-json\/wp\/v2\/media?parent=101167"}],"wp:term":[{"taxonomy":"category","embeddable":true,"href":"https:\/\/vinasfm.com\/noticias\/wp-json\/wp\/v2\/categories?post=101167"},{"taxonomy":"post_tag","embeddable":true,"href":"https:\/\/vinasfm.com\/noticias\/wp-json\/wp\/v2\/tags?post=101167"}],"curies":[{"name":"wp","href":"https:\/\/api.w.org\/{rel}","templated":true}]}}