{"id":101159,"date":"2021-11-16T23:30:42","date_gmt":"2021-11-17T02:30:42","guid":{"rendered":"http:\/\/vinasfm.com\/noticias\/?p=101159"},"modified":"2021-11-17T09:18:57","modified_gmt":"2021-11-17T12:18:57","slug":"la-escuela-hilda-coria-llevo-adelante-la-2-exposicion-etacarmensa","status":"publish","type":"post","link":"https:\/\/vinasfm.com\/noticias\/la-escuela-hilda-coria-llevo-adelante-la-2-exposicion-etacarmensa\/","title":{"rendered":"LA ESCUELA &#8216;HILDA CORIA&#8217; LLEV\u00d3 ADELANTE LA 2\u00b0 EXPOSICI\u00d3N ETACARMENSA"},"content":{"rendered":"<h4><span style=\"color: #000000;\"><strong>Este lunes, el Intendente Walther Marcolini visit\u00f3 la Segunda exposici\u00f3n ETACarmensa 2.021, organizada por la Escuela N\u00b0 4-171 Hilda Mabel Coria de San Pedro del Atuel.<\/strong><\/span><\/h4>\n<p><span style=\"color: #000000;\">La <strong>ETACarmensa 2021<\/strong>, que se realiza en el <strong>predio de pr\u00e1cticas del colegio<\/strong>, ubicado en Ruta 143 Sur, km 415, donde <strong>los alumnos muestran todo lo que han hecho en el curso, desde los distintos espacios curriculares, en lo te\u00f3rico y lo pr\u00e1ctico, durante todo el a\u00f1o<\/strong>.\u00a0<\/span><\/p>\n<p><span style=\"color: #000000;\">La <strong>directora de la escuela Hilda Mabel Coria, Maria del Carmen Silva<\/strong>, manifest\u00f3 en di\u00e1logo con F.M. Vi\u00f1as: \u201c<strong><em>La idea es ir creciendo a\u00f1o tras a\u00f1o, en esta ocasi\u00f3n inclu\u00edmos charlas t\u00e9cnicas, adem\u00e1s nos acompa\u00f1an otras instituciones educativas como los alumnos de una escuela de La Llave, que tienen una orientaci\u00f3n similar a la nuestra, y alumnos de la Tecnicatura del IES<\/em><\/strong>\u201d. <\/span><\/p>\n<p><span style=\"color: #000000;\">La comunidad educativa del colegio cuenta con una <strong>matr\u00edcula de 148 alumnos<\/strong>, que contin\u00faa creciendo: \u201c<strong><em>Tenemos muchos chicos que nos eligen como orientaci\u00f3n, porque les gusta esta formaci\u00f3n y nos eligen, tenemos 25 chicos que llegan desde la Ciudad<\/em><\/strong>\u201d, remarc\u00f3 Silva.<\/span><\/p>\n<p><span style=\"color: #000000;\">Del evento particip\u00f3 personal t\u00e9cnico de <strong>Iscamen<\/strong> brindando una charla de <strong>Agroecolog\u00eda<\/strong>, de <strong>Lobesia Botrana, de Carpocapsa y de Grafolita<\/strong>; del <strong>Coprosamen<\/strong>; tambi\u00e9n de <strong>Irrigaci\u00f3n<\/strong> y del <strong>INTA <\/strong>siendo una buena oportunidad para los productores locales de relacionarse con las instituciones p\u00fablicas, con el objetivo de acercar a esos dos extremos.<\/span><\/p>\n<p><span style=\"color: #000000;\">El <strong>delegado de San Pedro del Atuel, Jorge P\u00e9rez<\/strong>, se sinti\u00f3 muy satisfecho por la realizaci\u00f3n de esta Segunda exposici\u00f3n ETACarmensa: \u201c<strong><em>Es muy interesante lo que lograron los directivos, de mostrar todos los productos de la zona, como de otras etapas que se desarrollan<\/em><\/strong>\u201d.<\/span><\/p>\n","protected":false},"excerpt":{"rendered":"<p>Este lunes, el Intendente Walther Marcolini visit\u00f3 la Segunda exposici\u00f3n ETACarmensa 2.021, organizada por la Escuela N\u00b0 4-171 Hilda Mabel Coria &#8230;<\/p>\n","protected":false},"author":8,"featured_media":101160,"comment_status":"open","ping_status":"open","sticky":false,"template":"","format":"standard","meta":{"footnotes":""},"categories":[5,18],"tags":[],"class_list":["post-101159","post","type-post","status-publish","format-standard","has-post-thumbnail","hentry","category-actualidad","category-educacion"],"_links":{"self":[{"href":"https:\/\/vinasfm.com\/noticias\/wp-json\/wp\/v2\/posts\/101159","targetHints":{"allow":["GET"]}}],"collection":[{"href":"https:\/\/vinasfm.com\/noticias\/wp-json\/wp\/v2\/posts"}],"about":[{"href":"https:\/\/vinasfm.com\/noticias\/wp-json\/wp\/v2\/types\/post"}],"author":[{"embeddable":true,"href":"https:\/\/vinasfm.com\/noticias\/wp-json\/wp\/v2\/users\/8"}],"replies":[{"embeddable":true,"href":"https:\/\/vinasfm.com\/noticias\/wp-json\/wp\/v2\/comments?post=101159"}],"version-history":[{"count":4,"href":"https:\/\/vinasfm.com\/noticias\/wp-json\/wp\/v2\/posts\/101159\/revisions"}],"predecessor-version":[{"id":101162,"href":"https:\/\/vinasfm.com\/noticias\/wp-json\/wp\/v2\/posts\/101159\/revisions\/101162"}],"wp:featuredmedia":[{"embeddable":true,"href":"https:\/\/vinasfm.com\/noticias\/wp-json\/wp\/v2\/media\/101160"}],"wp:attachment":[{"href":"https:\/\/vinasfm.com\/noticias\/wp-json\/wp\/v2\/media?parent=101159"}],"wp:term":[{"taxonomy":"category","embeddable":true,"href":"https:\/\/vinasfm.com\/noticias\/wp-json\/wp\/v2\/categories?post=101159"},{"taxonomy":"post_tag","embeddable":true,"href":"https:\/\/vinasfm.com\/noticias\/wp-json\/wp\/v2\/tags?post=101159"}],"curies":[{"name":"wp","href":"https:\/\/api.w.org\/{rel}","templated":true}]}}