{"id":101124,"date":"2021-11-16T23:55:05","date_gmt":"2021-11-17T02:55:05","guid":{"rendered":"http:\/\/vinasfm.com\/noticias\/?p=101124"},"modified":"2021-11-17T09:19:39","modified_gmt":"2021-11-17T12:19:39","slug":"el-intendente-convoco-a-la-oposicion-al-dialogo-para-lograr-consensos-en-beneficio-de-los-alvearenses","status":"publish","type":"post","link":"https:\/\/vinasfm.com\/noticias\/el-intendente-convoco-a-la-oposicion-al-dialogo-para-lograr-consensos-en-beneficio-de-los-alvearenses\/","title":{"rendered":"EL INTENDENTE CONVOC\u00d3 A LA OPOSICI\u00d3N AL DI\u00c1LOGO PARA LOGRAR CONSENSOS EN BENEFICIO DE LOS ALVEARENSES"},"content":{"rendered":"<h4><span style=\"color: #000000;\"><strong>Minutos despu\u00e9s de las 21hs, cuando se conocieron oficialmente los resultados provisorios del escrutinio confirmando los rumores de una nueva victoria del Frente Cambia Mendoza sobre el Frente de Todos, el Intendente Walther Marcolini pronunci\u00f3 un encendido discurso ante los militantes del radicalismo convocados en el Comit\u00e9 Departamental.<\/strong><\/span><\/h4>\n<p><span style=\"color: #000000;\">En el Frente Cambia Mendoza ya manejaban previamente los n\u00fameros que termin\u00f3 de confirmar la <strong>C\u00e1mara Nacional Electoral<\/strong> adjudic\u00e1ndose el oficialismo el <strong>37,6% de los sufragios<\/strong>, es decir, <strong>8.628 votos<\/strong>. Por su parte, la <strong>segunda fuerza<\/strong> logr\u00f3 alcanzar el <strong>25,3% de lo votos (5.818)<\/strong>, <strong>Partido Federal 13,4% (3.085), <\/strong><strong>Partido Verde 11,7% (2.704) y <\/strong><strong>Vamos Mendocinos 11,6% (2.681).<\/strong><\/span><\/p>\n<p><span style=\"color: #000000;\"><em>Leer tambi\u00e9n<\/em> <a href=\"http:\/\/vinasfm.com\/noticias\/resultados-elecciones-asi-votaron-los-alvearenses-en-las-generales-2021\/\"><strong>RESULTADOS ELECCIONES: AS\u00cd VOTARON LOS ALVEARENSES EN LAS GENERALES 2021<\/strong><\/a><\/span><\/p>\n<p><span style=\"color: #000000;\">&#8216;<strong><em>Una vez m\u00e1s en todos los distritos del departamento y en Ciudad ganamos esta elecci\u00f3n por lo que desde 1983 a la fecha, en General Alvear un gobierno gana todas las elecciones<\/em><\/strong>&#8216;, resalt\u00f3 el Jefe Comunal, quien se\u00f1al\u00f3 que es el resultado del &#8216;<strong><em>compromiso, trabajo, transparencia, austeridad para ejercer la funci\u00f3n p\u00fablica frente a todos los derrotistas y quienes quisieron llevar un mensaje de enfrentamiento con la sociedad alvearense<\/em><\/strong>&#8216;.<\/span><\/p>\n<p><span style=\"color: #000000;\">Acto seguido &#8216;<em>consagr\u00f3<\/em>&#8216; a <strong>Hern\u00e1n Climent, Alejandra Torti<\/strong> y <strong>Adri\u00e1n Caltabiano<\/strong> como concejales electos y a <strong>Jos\u00e9 Vilches<\/strong> como Diputado Provincial electo: &#8216;<em><b>Este gran respaldo de la ciudadan\u00eda alvearense a esta gesti\u00f3n pero, qu\u00e9dense tranquilos, que tenemos los pies sobre la tierra ya que sabemos que no es un cheque en blanco porque les asegur\u00f3 que vamos a seguir trabajando por nuestro departamento pese a la econom\u00eda nacional que no ha ayudado en ning\u00fan momento<\/b><\/em>&#8216;, agreg\u00f3.<\/span><\/p>\n<blockquote>\n<p style=\"text-align: center;\"><span style=\"color: #000000;\"><strong><em>&#8216;Cuando uno tiene objetivos claros, el camino es perseverar, perseverar y perseverar&#8217;<\/em><\/strong><\/span><\/p>\n<\/blockquote>\n<p><span style=\"color: #000000;\">Marcolini agradeci\u00f3 a los sectores que conforman el Frente Cambia Mendoza como la <strong>UCR<\/strong>, el <strong>PRO <\/strong>y\u00a0a <strong>Cambia Ya<\/strong>: &#8216;<em><b>El triunfo en Mendoza es categ\u00f3rico y eso obedece al trabajo que se ha hecho en las gesti\u00f3n provincial y local. Es un momento de inflexi\u00f3n para la Argentina ya que cambia la composici\u00f3n del Senado de la Naci\u00f3n obligando al oficialismo nacional a dialogar y en los consensos se avance al pa\u00eds que buscamos. Eso no tiene que hacer reflexionar porque queremos un pa\u00eds previsible, no queremos ser Venezuela o Nicaragua<\/b><\/em>&#8216;, subray\u00f3.<\/span><\/p>\n<p><span style=\"color: #000000;\">El mandatario municipal, y presidente de la UCR local, asegur\u00f3 que se continuar\u00e1 trabajando en &#8216;<strong><em>la lucha contra la inseguridad, la agenda de desarrollo, la obra p\u00fablica como la Delegaci\u00f3n de Carmensa, la plaza de Alvear Oeste que ser\u00e1 inaugurada el 3 de diciembre<\/em><\/strong>&#8216;.\u00a0<\/span><\/p>\n<p><span style=\"color: #000000;\">En su alocuci\u00f3n, Marcolini llam\u00f3 a sus funcionarios a &#8216;<strong><em>redoblar el esfuerzo y hacer una introspecci\u00f3n para mejorar y hacer lo que resta por hacer<\/em><\/strong>&#8216;, y sostuvo: &#8216;<strong><em>Agradezco al pueblo de Alvear por entender el esfuerzo realizado en medio de a\u00f1os duros pero vamos avanzando de a poco. Tengo la certeza de que con Hern\u00e1n, Alejandra y con Adri\u00e1n acompa\u00f1ando a nuestros concejales en funci\u00f3n vamos a garantizar la gobernanza construyendo un departamento mejor<\/em><\/strong>&#8216;.<\/span><\/p>\n<blockquote>\n<p style=\"text-align: center;\"><span style=\"color: #000000;\"><strong style=\"text-align: center;\"><em>&#8216;Es la gran pol\u00edtica arquitect\u00f3nica la herramienta de transformaci\u00f3n&#8217;\u00a0<\/em><\/strong><\/span><\/p>\n<\/blockquote>\n<p><span style=\"color: #000000;\">En este sentido, anunci\u00f3 que <strong>convocar\u00e1 al di\u00e1logo a los partidos pol\u00edticos opositores<\/strong> para &#8216;<strong><em>consensuar sobre los destinos de General Alvear y animarse a consolidad la democracia en base al di\u00e1logo y no a las chicanas<\/em><\/strong>&#8216;.<\/span><\/p>\n<p><span style=\"color: #000000;\">Finalmente, invit\u00f3 a las fuerzas pol\u00edticas y a los sectores que conforman el Frente Cambia Mendoza a &#8216;<strong><em>no seguir diciendo que quienes hacemos pol\u00edtica de un lado o del otro no somos pol\u00edticos porque todos metemos los pies en el barro, todos somos pol\u00edticos, yo soy pol\u00edtico a mucha honra y esta transformaci\u00f3n se hace desde la pol\u00edtica no en contra de la pol\u00edtica. Lo que tenemos que mejorar es la calidad de la representaci\u00f3n pol\u00edtica y eso buscamos todos<\/em><\/strong>&#8216;.<\/span><\/p>\n<h5><span style=\"color: #000000;\">\u2022F.B. (F.M. Vi\u00f1as).<\/span><\/h5>\n","protected":false},"excerpt":{"rendered":"<p>Minutos despu\u00e9s de las 21hs, cuando se conocieron oficialmente los resultados provisorios del escrutinio confirmando los rumores de una nueva victoria &#8230;<\/p>\n","protected":false},"author":8,"featured_media":101104,"comment_status":"open","ping_status":"open","sticky":false,"template":"","format":"standard","meta":{"footnotes":""},"categories":[5,7],"tags":[],"class_list":["post-101124","post","type-post","status-publish","format-standard","has-post-thumbnail","hentry","category-actualidad","category-politica"],"_links":{"self":[{"href":"https:\/\/vinasfm.com\/noticias\/wp-json\/wp\/v2\/posts\/101124","targetHints":{"allow":["GET"]}}],"collection":[{"href":"https:\/\/vinasfm.com\/noticias\/wp-json\/wp\/v2\/posts"}],"about":[{"href":"https:\/\/vinasfm.com\/noticias\/wp-json\/wp\/v2\/types\/post"}],"author":[{"embeddable":true,"href":"https:\/\/vinasfm.com\/noticias\/wp-json\/wp\/v2\/users\/8"}],"replies":[{"embeddable":true,"href":"https:\/\/vinasfm.com\/noticias\/wp-json\/wp\/v2\/comments?post=101124"}],"version-history":[{"count":2,"href":"https:\/\/vinasfm.com\/noticias\/wp-json\/wp\/v2\/posts\/101124\/revisions"}],"predecessor-version":[{"id":101139,"href":"https:\/\/vinasfm.com\/noticias\/wp-json\/wp\/v2\/posts\/101124\/revisions\/101139"}],"wp:featuredmedia":[{"embeddable":true,"href":"https:\/\/vinasfm.com\/noticias\/wp-json\/wp\/v2\/media\/101104"}],"wp:attachment":[{"href":"https:\/\/vinasfm.com\/noticias\/wp-json\/wp\/v2\/media?parent=101124"}],"wp:term":[{"taxonomy":"category","embeddable":true,"href":"https:\/\/vinasfm.com\/noticias\/wp-json\/wp\/v2\/categories?post=101124"},{"taxonomy":"post_tag","embeddable":true,"href":"https:\/\/vinasfm.com\/noticias\/wp-json\/wp\/v2\/tags?post=101124"}],"curies":[{"name":"wp","href":"https:\/\/api.w.org\/{rel}","templated":true}]}}