{"id":101095,"date":"2021-11-15T10:30:43","date_gmt":"2021-11-15T13:30:43","guid":{"rendered":"http:\/\/vinasfm.com\/noticias\/?p=101095"},"modified":"2021-11-15T20:44:57","modified_gmt":"2021-11-15T23:44:57","slug":"atencion-probabilidad-de-viento-zonda-en-el-sur-mendocino","status":"publish","type":"post","link":"https:\/\/vinasfm.com\/noticias\/atencion-probabilidad-de-viento-zonda-en-el-sur-mendocino\/","title":{"rendered":"ATENCI\u00d3N: PROBABILIDAD DE VIENTO ZONDA EN EL SUR MENDOCINO"},"content":{"rendered":"<h4><span style=\"color: #000000;\"><strong>Para este lunes se espera buen tiempo con poco cambio de las condiciones clim\u00e1ticas. El Servicio Meteorol\u00f3gico Nacional (SMN) emiti\u00f3 una alerta por viento Zonda, en el que se prev\u00e9n r\u00e1fagas para algunos sectores en la tarde-noche.<\/strong><\/span><\/h4>\n<p><span style=\"color: #000000;\">&#8216;<strong><em>Se esperan vientos del sector sur con velocidades entre 30 y 45 km\/h y r\u00e1fagas que pueden superar los 70 km\/h.\u00a0El \u00e1rea cordillerana ser\u00e1 afectada por vientos del sector oeste con velocidades entre 60 y 70 km\/h y con r\u00e1fagas de hasta 90 km\/h<\/em><\/strong>&#8216;.<\/span><\/p>\n<p><span style=\"line-height: 24px; color: #000000;\">Para <strong>General Alvear<\/strong> se pronostica buen tiempo con cielo parcialmente nublado por la tarde noche- probabilidad de viento Zonda con r\u00e1fagas que rondar\u00e1n los 60-60 km\/h, tambi\u00e9n se esperan chaparrones, la m\u00e1xima ser\u00e1 de 26\u00baC con vientos del Sureste.<\/span><\/p>\n<p><span style=\"color: #000000;\">En <strong>San Rafael<\/strong> se espera cielo algo nublado, ventoso por la tarde con r\u00e1fagas de viento Zonda que alcanzar\u00e1n los 60 &#8211; 69 km\/h, la m\u00e1xima rondar\u00e1 los 26\u00baC con vientos del Sureste.<\/span><\/p>\n<p><span style=\"color: #000000;\">En<strong> Malarg\u00fce<\/strong> se prev\u00e9 buen tiempo con cielo parcialmente nublado, durante toda la jornada se esperan r\u00e1fagas de viento que llegar\u00e1n a los 51-59 km\/h, la m\u00e1xima rondar\u00e1 los 23\u00baC con vientos del Oeste cambiando al Sur.<\/span><\/p>\n","protected":false},"excerpt":{"rendered":"<p>Para este lunes se espera buen tiempo con poco cambio de las condiciones clim\u00e1ticas. El Servicio Meteorol\u00f3gico Nacional (SMN) emiti\u00f3 una &#8230;<\/p>\n","protected":false},"author":8,"featured_media":23446,"comment_status":"open","ping_status":"open","sticky":false,"template":"","format":"standard","meta":{"footnotes":""},"categories":[5,36],"tags":[],"class_list":["post-101095","post","type-post","status-publish","format-standard","has-post-thumbnail","hentry","category-actualidad","category-pronostico"],"_links":{"self":[{"href":"https:\/\/vinasfm.com\/noticias\/wp-json\/wp\/v2\/posts\/101095","targetHints":{"allow":["GET"]}}],"collection":[{"href":"https:\/\/vinasfm.com\/noticias\/wp-json\/wp\/v2\/posts"}],"about":[{"href":"https:\/\/vinasfm.com\/noticias\/wp-json\/wp\/v2\/types\/post"}],"author":[{"embeddable":true,"href":"https:\/\/vinasfm.com\/noticias\/wp-json\/wp\/v2\/users\/8"}],"replies":[{"embeddable":true,"href":"https:\/\/vinasfm.com\/noticias\/wp-json\/wp\/v2\/comments?post=101095"}],"version-history":[{"count":1,"href":"https:\/\/vinasfm.com\/noticias\/wp-json\/wp\/v2\/posts\/101095\/revisions"}],"predecessor-version":[{"id":101101,"href":"https:\/\/vinasfm.com\/noticias\/wp-json\/wp\/v2\/posts\/101095\/revisions\/101101"}],"wp:featuredmedia":[{"embeddable":true,"href":"https:\/\/vinasfm.com\/noticias\/wp-json\/wp\/v2\/media\/23446"}],"wp:attachment":[{"href":"https:\/\/vinasfm.com\/noticias\/wp-json\/wp\/v2\/media?parent=101095"}],"wp:term":[{"taxonomy":"category","embeddable":true,"href":"https:\/\/vinasfm.com\/noticias\/wp-json\/wp\/v2\/categories?post=101095"},{"taxonomy":"post_tag","embeddable":true,"href":"https:\/\/vinasfm.com\/noticias\/wp-json\/wp\/v2\/tags?post=101095"}],"curies":[{"name":"wp","href":"https:\/\/api.w.org\/{rel}","templated":true}]}}