{"id":101049,"date":"2021-11-15T10:45:03","date_gmt":"2021-11-15T13:45:03","guid":{"rendered":"http:\/\/vinasfm.com\/noticias\/?p=101049"},"modified":"2021-11-15T20:44:51","modified_gmt":"2021-11-15T23:44:51","slug":"la-ciudad-educativa-vial-se-instala-en-ugacoop-hasta-fin-de-mes","status":"publish","type":"post","link":"https:\/\/vinasfm.com\/noticias\/la-ciudad-educativa-vial-se-instala-en-ugacoop-hasta-fin-de-mes\/","title":{"rendered":"LA CIUDAD EDUCATIVA VIAL SE INSTALA EN UGACOOP HASTA FIN DE MES"},"content":{"rendered":"<h4><span style=\"color: #000000;\"><strong>El Director de la Polic\u00eda de Tr\u00e1nsito de General Alvear Sergio Agostini brind\u00f3 detalles sobre Ciudad Educativa, que est\u00e1 destinada a la ense\u00f1anza sobre Seguridad Vial a los ni\u00f1os de distintas escuelas y al p\u00fablico en general.<\/strong><\/span><\/h4>\n<p><span style=\"color: #000000;\">Desde este s\u00e1bado 13 de noviembre, <strong>hasta el martes 30 de noviembre estar\u00e1 la Ciudad educativa Vial en Ugacoop<\/strong>. <strong>Asistir\u00e1n alumnos de primaria de diversos establecimientos educativos<\/strong> del Departamento y p\u00fablico en general que est\u00e9 interesado.<strong> Estar\u00e1 disponible de 9 a 13h y de 14 a 18h<\/strong>.<\/span><\/p>\n<div id=\"attachment_101050\" style=\"width: 300px\" class=\"wp-caption alignleft\"><a style=\"color: #000000;\" href=\"http:\/\/vinasfm.com\/noticias\/wp-content\/uploads\/2021\/11\/Ciudad-Educativa-de-Seguridad-Vial-1-scaled.jpg\"><img loading=\"lazy\" decoding=\"async\" aria-describedby=\"caption-attachment-101050\" class=\"size-medium wp-image-101050\" src=\"http:\/\/vinasfm.com\/noticias\/wp-content\/uploads\/2021\/11\/Ciudad-Educativa-de-Seguridad-Vial-1-300x200.jpg\" alt=\"\" width=\"300\" height=\"200\" srcset=\"https:\/\/vinasfm.com\/noticias\/wp-content\/uploads\/2021\/11\/Ciudad-Educativa-de-Seguridad-Vial-1-300x200.jpg 300w, https:\/\/vinasfm.com\/noticias\/wp-content\/uploads\/2021\/11\/Ciudad-Educativa-de-Seguridad-Vial-1-1024x683.jpg 1024w, https:\/\/vinasfm.com\/noticias\/wp-content\/uploads\/2021\/11\/Ciudad-Educativa-de-Seguridad-Vial-1-768x512.jpg 768w, https:\/\/vinasfm.com\/noticias\/wp-content\/uploads\/2021\/11\/Ciudad-Educativa-de-Seguridad-Vial-1-1536x1024.jpg 1536w, https:\/\/vinasfm.com\/noticias\/wp-content\/uploads\/2021\/11\/Ciudad-Educativa-de-Seguridad-Vial-1-2048x1365.jpg 2048w\" sizes=\"auto, (max-width: 300px) 100vw, 300px\" \/><\/a><p id=\"caption-attachment-101050\" class=\"wp-caption-text\"><span style=\"color: #000000;\">Ciudad Educativa de Seguridad Vial.<\/span><\/p><\/div>\n<p><span style=\"color: #000000;\">Se trata de una Ciudad vial, de 25 x 10m, destinada a alumnos de primaria, donde de acuerdo al grado que cursan, los <strong>agentes municipales les ense\u00f1an jugando las se\u00f1ales de tr\u00e1nsito y a respetar los sem\u00e1foros en un recorrido con kartings<\/strong>.<\/span><\/p>\n<p><span style=\"color: #000000;\">Desde la <strong>Direcci\u00f3n de Educaci\u00f3n de la Municipalidad<\/strong> se han contactado con las escuelas para que se inscriban y aprovechen esta oportunidad de aprendizaje de los alumnos, que van a poder concurrir a partir del lunes 15 de noviembre.<\/span><\/p>\n<p><span style=\"color: #000000;\">&#8216;<strong><em>Todos pueden venir a aprender y a jugar con algunos elementos. Este tipo de actividades son muy importantes porque los chicos cuando aprenden educaci\u00f3n vial son multiplicadores en su entorno familiar de lo que reciben, como el debido uso del cintur\u00f3n de seguridad, no conducir usando el celular, respetar los sem\u00e1foros y las se\u00f1ales de tr\u00e1nsito<\/em><\/strong>&#8216;, detall\u00f3 en di\u00e1logo con <strong>F.M. Vi\u00f1as<\/strong> el Director Sergio Agostini.<\/span><\/p>\n<p><span style=\"color: #000000;\">Es para destacar, que <strong>la Polic\u00eda de tr\u00e1nsito municipal est\u00e1 por iniciar una campa\u00f1a en conjunto con la Polic\u00eda vial de la Provincia<\/strong>, dado que el lunes 15 de noviembre es el D<strong>\u00eda Mundial en Recuerdo de las V\u00edctimas de Accidentes de Tr\u00e1fico<\/strong>.\u00a0 <\/span><\/p>\n<p><span style=\"color: #000000;\">Este fin de semana entregar\u00e1n stickers y folletos para evitar las infracciones de tr\u00e1nsito: <strong>no uso de celular al conducir, debido uso del cintur\u00f3n de seguridad, respetar las velocidades permitidas y la prioridad de paso del peat\u00f3n, no ingerir bebidas alcoh\u00f3licas, uso de casco en moto, circular en bicicleta solo por la calle<\/strong>.<\/span><\/p>\n<h5><span style=\"color: #000000;\">\u2022F.B.<\/span><\/h5>\n","protected":false},"excerpt":{"rendered":"<p>El Director de la Polic\u00eda de Tr\u00e1nsito de General Alvear Sergio Agostini brind\u00f3 detalles sobre Ciudad Educativa, que est\u00e1 destinada a &#8230;<\/p>\n","protected":false},"author":8,"featured_media":101051,"comment_status":"open","ping_status":"open","sticky":false,"template":"","format":"standard","meta":{"footnotes":""},"categories":[5,56],"tags":[],"class_list":["post-101049","post","type-post","status-publish","format-standard","has-post-thumbnail","hentry","category-actualidad","category-seguridad-vial"],"_links":{"self":[{"href":"https:\/\/vinasfm.com\/noticias\/wp-json\/wp\/v2\/posts\/101049","targetHints":{"allow":["GET"]}}],"collection":[{"href":"https:\/\/vinasfm.com\/noticias\/wp-json\/wp\/v2\/posts"}],"about":[{"href":"https:\/\/vinasfm.com\/noticias\/wp-json\/wp\/v2\/types\/post"}],"author":[{"embeddable":true,"href":"https:\/\/vinasfm.com\/noticias\/wp-json\/wp\/v2\/users\/8"}],"replies":[{"embeddable":true,"href":"https:\/\/vinasfm.com\/noticias\/wp-json\/wp\/v2\/comments?post=101049"}],"version-history":[{"count":3,"href":"https:\/\/vinasfm.com\/noticias\/wp-json\/wp\/v2\/posts\/101049\/revisions"}],"predecessor-version":[{"id":101135,"href":"https:\/\/vinasfm.com\/noticias\/wp-json\/wp\/v2\/posts\/101049\/revisions\/101135"}],"wp:featuredmedia":[{"embeddable":true,"href":"https:\/\/vinasfm.com\/noticias\/wp-json\/wp\/v2\/media\/101051"}],"wp:attachment":[{"href":"https:\/\/vinasfm.com\/noticias\/wp-json\/wp\/v2\/media?parent=101049"}],"wp:term":[{"taxonomy":"category","embeddable":true,"href":"https:\/\/vinasfm.com\/noticias\/wp-json\/wp\/v2\/categories?post=101049"},{"taxonomy":"post_tag","embeddable":true,"href":"https:\/\/vinasfm.com\/noticias\/wp-json\/wp\/v2\/tags?post=101049"}],"curies":[{"name":"wp","href":"https:\/\/api.w.org\/{rel}","templated":true}]}}