{"id":100998,"date":"2021-11-12T07:29:38","date_gmt":"2021-11-12T10:29:38","guid":{"rendered":"http:\/\/vinasfm.com\/noticias\/?p=100998"},"modified":"2021-11-12T21:20:29","modified_gmt":"2021-11-13T00:20:29","slug":"ajedrez-el-alvearense-juani-ruiz-fue-subcampeon-en-el-torneo-nacional-federal-amateur","status":"publish","type":"post","link":"https:\/\/vinasfm.com\/noticias\/ajedrez-el-alvearense-juani-ruiz-fue-subcampeon-en-el-torneo-nacional-federal-amateur\/","title":{"rendered":"AJEDREZ: EL ALVEARENSE JUANI RU\u00cdZ FUE SUBCAMPE\u00d3N EN EL TORNEO NACIONAL &#8216;FEDERAL AMATEUR&#8217;"},"content":{"rendered":"<h4><strong><span style=\"color: #000000;\">El joven Alvearense Juan Ignacio Ru\u00edz se qued\u00f3 con el 2\u00ba puesto en la categor\u00eda Sub 2000 en el sistema de puntuaci\u00f3n ELO. En esta competencia nacional se le escap\u00f3 el primer puesto por sistema de desempate favorable para Valent\u00edn Unhold, de Villa Martelli, Buenos Aires.<\/span><\/strong><\/h4>\n<p style=\"font-weight: 400;\"><span style=\"color: #000000;\">El pasado fin de semana, <strong>Juan Ignacio Ru\u00edz, consigui\u00f3 una muy buena performance en Villa Carlos Paz, en la Provincia de C\u00f3rdoba, donde igual\u00f3 en el primer puesto con Valent\u00edn Unhold<\/strong>, de Villa Marteli, <strong>quien se qued\u00f3 con el t\u00edtulo, por sistema de desempate<\/strong>.<\/span><\/p>\n<p style=\"font-weight: 400;\"><span style=\"color: #000000;\"><strong>Del certamen federal para jugadores ELO sub 2000 participaron jugadores de la mayor\u00eda de las provincias<\/strong>, jugando clasificatorios en una primera instancia, y esta etapa final, despu\u00e9s. <strong>Se trata de la primera edici\u00f3n de estas competencias federales, que llevan por nombre \u201cBandera Celeste y Blanca\u201d<\/strong>, organizados por referentes del ajedrez y del ajedrez educativo de toda Argentina, encabezados por el reconocido Profesor Gustavo Medina.<\/span><\/p>\n<p><span style=\"color: #000000;\">Es sin dudas, un gran a\u00f1o para Ru\u00edz, que comienza a cerrarse con este Subcampeonato, aunque todav\u00eda le quedan varias instancias trascendentes para su joven, pero experimentada carrera.<\/span><\/p>\n<p><span style=\"color: #000000;\">\u2022Federaci\u00f3n Alvearense de Ajedrez.<\/span><\/p>\n","protected":false},"excerpt":{"rendered":"<p>El joven Alvearense Juan Ignacio Ru\u00edz se qued\u00f3 con el 2\u00ba puesto en la categor\u00eda Sub 2000 en el sistema de &#8230;<\/p>\n","protected":false},"author":7,"featured_media":101015,"comment_status":"open","ping_status":"open","sticky":false,"template":"","format":"standard","meta":{"footnotes":""},"categories":[5,3],"tags":[],"class_list":["post-100998","post","type-post","status-publish","format-standard","has-post-thumbnail","hentry","category-actualidad","category-deportes"],"_links":{"self":[{"href":"https:\/\/vinasfm.com\/noticias\/wp-json\/wp\/v2\/posts\/100998","targetHints":{"allow":["GET"]}}],"collection":[{"href":"https:\/\/vinasfm.com\/noticias\/wp-json\/wp\/v2\/posts"}],"about":[{"href":"https:\/\/vinasfm.com\/noticias\/wp-json\/wp\/v2\/types\/post"}],"author":[{"embeddable":true,"href":"https:\/\/vinasfm.com\/noticias\/wp-json\/wp\/v2\/users\/7"}],"replies":[{"embeddable":true,"href":"https:\/\/vinasfm.com\/noticias\/wp-json\/wp\/v2\/comments?post=100998"}],"version-history":[{"count":3,"href":"https:\/\/vinasfm.com\/noticias\/wp-json\/wp\/v2\/posts\/100998\/revisions"}],"predecessor-version":[{"id":101016,"href":"https:\/\/vinasfm.com\/noticias\/wp-json\/wp\/v2\/posts\/100998\/revisions\/101016"}],"wp:featuredmedia":[{"embeddable":true,"href":"https:\/\/vinasfm.com\/noticias\/wp-json\/wp\/v2\/media\/101015"}],"wp:attachment":[{"href":"https:\/\/vinasfm.com\/noticias\/wp-json\/wp\/v2\/media?parent=100998"}],"wp:term":[{"taxonomy":"category","embeddable":true,"href":"https:\/\/vinasfm.com\/noticias\/wp-json\/wp\/v2\/categories?post=100998"},{"taxonomy":"post_tag","embeddable":true,"href":"https:\/\/vinasfm.com\/noticias\/wp-json\/wp\/v2\/tags?post=100998"}],"curies":[{"name":"wp","href":"https:\/\/api.w.org\/{rel}","templated":true}]}}