{"id":100967,"date":"2021-11-12T08:30:17","date_gmt":"2021-11-12T11:30:17","guid":{"rendered":"http:\/\/vinasfm.com\/noticias\/?p=100967"},"modified":"2021-11-15T07:25:00","modified_gmt":"2021-11-15T10:25:00","slug":"los-suenos-se-cumplen-comenzo-la-obra-del-barrio-malvinas-argentinas","status":"publish","type":"post","link":"https:\/\/vinasfm.com\/noticias\/los-suenos-se-cumplen-comenzo-la-obra-del-barrio-malvinas-argentinas\/","title":{"rendered":"LOS SUE\u00d1OS SE CUMPLEN: COMENZ\u00d3 LA OBRA DEL BARRIO MALVINAS ARGENTINAS"},"content":{"rendered":"<h4><span style=\"color: #000000;\"><strong>La felicidad fluye en las 74 familias del Barrio Malvinas Argentinas que desde este jueves ven de cerca la concreci\u00f3n del sue\u00f1o de la casa propia con el inicio de obra del barrio.<\/strong><\/span><\/h4>\n<p><span style=\"color: #000000;\">Un momento muy emotivo se vivi\u00f3 este jueves, cuando <strong>las familias del Barrio Malvinas Argentinas vieron c\u00f3mo inici\u00f3 la obra de 74 viviendas que componen el barrio<\/strong>. <strong>El plazo de ejecuci\u00f3n es de 12 meses<\/strong> y se han destinado cuatro casas adaptadas para personas con discapacidad.<\/span><\/p>\n<div id=\"attachment_100968\" style=\"width: 300px\" class=\"wp-caption alignleft\"><a style=\"color: #000000;\" href=\"http:\/\/vinasfm.com\/noticias\/wp-content\/uploads\/2021\/11\/Inicio-de-Obra-del-Barrio-Malvinas-Argentinas-2-scaled.jpg\"><img loading=\"lazy\" decoding=\"async\" aria-describedby=\"caption-attachment-100968\" class=\"size-medium wp-image-100968\" src=\"http:\/\/vinasfm.com\/noticias\/wp-content\/uploads\/2021\/11\/Inicio-de-Obra-del-Barrio-Malvinas-Argentinas-2-300x200.jpg\" alt=\"\" width=\"300\" height=\"200\" srcset=\"https:\/\/vinasfm.com\/noticias\/wp-content\/uploads\/2021\/11\/Inicio-de-Obra-del-Barrio-Malvinas-Argentinas-2-300x200.jpg 300w, https:\/\/vinasfm.com\/noticias\/wp-content\/uploads\/2021\/11\/Inicio-de-Obra-del-Barrio-Malvinas-Argentinas-2-1024x683.jpg 1024w, https:\/\/vinasfm.com\/noticias\/wp-content\/uploads\/2021\/11\/Inicio-de-Obra-del-Barrio-Malvinas-Argentinas-2-768x512.jpg 768w, https:\/\/vinasfm.com\/noticias\/wp-content\/uploads\/2021\/11\/Inicio-de-Obra-del-Barrio-Malvinas-Argentinas-2-1536x1024.jpg 1536w, https:\/\/vinasfm.com\/noticias\/wp-content\/uploads\/2021\/11\/Inicio-de-Obra-del-Barrio-Malvinas-Argentinas-2-2048x1365.jpg 2048w\" sizes=\"auto, (max-width: 300px) 100vw, 300px\" \/><\/a><p id=\"caption-attachment-100968\" class=\"wp-caption-text\"><span style=\"color: #000000;\">Inicio de Obra del Barrio Malvinas Argentinas.<\/span><\/p><\/div>\n<p><span style=\"color: #000000;\">El <strong>intendente Walther Marcolini<\/strong> remarc\u00f3 la posibilidad de atravesar estos momentos tras mucho tiempo de gesti\u00f3n: &#8216;<strong><em>Para uno, como gobernante, es una gran noticia saber que en el 2022 vamos a tener una inversi\u00f3n significativa en materia de vivienda, porque genera puestos de trabajo, mano de obra y soluci\u00f3n habitacional para estas familias. Ahora estamos esperando que se adjudiquen el Barrio El Nevado y el Barrio El Juncalito II<\/em><\/strong>&#8216;.<\/span><\/p>\n<p><span style=\"color: #000000;\"><strong>Fabi\u00e1n Gim\u00e9nez<\/strong>, <strong>Director de Viviendas<\/strong> de nuestro departamento, celebr\u00f3 tambi\u00e9n la posibilidad de dar inicio a este barrio, que tendr\u00e1 un plazo de obra de 12 meses. Se trata de una obra que <strong>est\u00e1 cerca de los 300 millones de pesos<\/strong> y que generar\u00e1 una gran cantidad de mano de obra para el departamento. <\/span><\/p>\n<p><span style=\"color: #000000;\">Las viviendas tienen un sistema industrializado, es un prototipo solar centrado en la sustentabilidad y aprovechar de la mejor manera los recursos naturales: &#8216;<strong style=\"line-height: 24px;\"><em>Se piensa en la eficiencia energ\u00e9tica, por eso en cada terreno y dependiendo de donde est\u00e9 el norte es que se orienta la vivienda. Adem\u00e1s hay cuatro viviendas adaptadas para personas con discapacidad, estas casas son un poco m\u00e1s grandes y est\u00e1n cerca de los 73 mts2 aproximadamente&#8217;,\u00a0<\/em><\/strong>se\u00f1al\u00f3.<\/span><\/p>\n<p><span style=\"color: #000000;\">Ahora se est\u00e1 a la espera de la <strong>adjudicaci\u00f3n del barrio El Nevado<\/strong>, de 29 viviendas, y el <strong>barrio El Juncalito II<\/strong>, que est\u00e1 compuesto por 25 viviendas, ambos fueron licitados el 3 de noviembre. Adem\u00e1s se encuentra en etapa de licitaci\u00f3n el <strong>barrio Luz y Fuerza<\/strong>, y el <strong>barrio Vi\u00f1as del Oeste<\/strong>.<\/span><\/p>\n<h5><span style=\"color: #000000;\">\u2022F.B.<\/span><\/h5>\n","protected":false},"excerpt":{"rendered":"<p>La felicidad fluye en las 74 familias del Barrio Malvinas Argentinas que desde este jueves ven de cerca la concreci\u00f3n del &#8230;<\/p>\n","protected":false},"author":8,"featured_media":100969,"comment_status":"open","ping_status":"open","sticky":false,"template":"","format":"standard","meta":{"footnotes":""},"categories":[5,10],"tags":[],"class_list":["post-100967","post","type-post","status-publish","format-standard","has-post-thumbnail","hentry","category-actualidad","category-destacadas"],"_links":{"self":[{"href":"https:\/\/vinasfm.com\/noticias\/wp-json\/wp\/v2\/posts\/100967","targetHints":{"allow":["GET"]}}],"collection":[{"href":"https:\/\/vinasfm.com\/noticias\/wp-json\/wp\/v2\/posts"}],"about":[{"href":"https:\/\/vinasfm.com\/noticias\/wp-json\/wp\/v2\/types\/post"}],"author":[{"embeddable":true,"href":"https:\/\/vinasfm.com\/noticias\/wp-json\/wp\/v2\/users\/8"}],"replies":[{"embeddable":true,"href":"https:\/\/vinasfm.com\/noticias\/wp-json\/wp\/v2\/comments?post=100967"}],"version-history":[{"count":2,"href":"https:\/\/vinasfm.com\/noticias\/wp-json\/wp\/v2\/posts\/100967\/revisions"}],"predecessor-version":[{"id":101072,"href":"https:\/\/vinasfm.com\/noticias\/wp-json\/wp\/v2\/posts\/100967\/revisions\/101072"}],"wp:featuredmedia":[{"embeddable":true,"href":"https:\/\/vinasfm.com\/noticias\/wp-json\/wp\/v2\/media\/100969"}],"wp:attachment":[{"href":"https:\/\/vinasfm.com\/noticias\/wp-json\/wp\/v2\/media?parent=100967"}],"wp:term":[{"taxonomy":"category","embeddable":true,"href":"https:\/\/vinasfm.com\/noticias\/wp-json\/wp\/v2\/categories?post=100967"},{"taxonomy":"post_tag","embeddable":true,"href":"https:\/\/vinasfm.com\/noticias\/wp-json\/wp\/v2\/tags?post=100967"}],"curies":[{"name":"wp","href":"https:\/\/api.w.org\/{rel}","templated":true}]}}