{"id":100919,"date":"2021-11-11T22:22:39","date_gmt":"2021-11-12T01:22:39","guid":{"rendered":"http:\/\/vinasfm.com\/noticias\/?p=100919"},"modified":"2021-11-12T09:07:22","modified_gmt":"2021-11-12T12:07:22","slug":"diagonal-pellegrini-e-illia-escenario-de-un-nuevo-siniestro-vial","status":"publish","type":"post","link":"https:\/\/vinasfm.com\/noticias\/diagonal-pellegrini-e-illia-escenario-de-un-nuevo-siniestro-vial\/","title":{"rendered":"DIAGONAL PELLEGRINI E ILLIA, ESCENARIO DE UN NUEVO SINIESTRO VIAL"},"content":{"rendered":"<h4><span style=\"color: #000000;\"><strong>En horas de la tarde de este mi\u00e9rcoles, un veh\u00edculo y una motocicleta protagonizaron un accidente de tr\u00e1nsito en la intersecci\u00f3n de Diagonal Carlos Pellegrini y Presidente Illia.<\/strong><\/span><\/h4>\n<p><span style=\"color: #000000;\">Desde <strong>Polic\u00eda Vial<\/strong> informaron a trav\u00e9s de <em>F.M. Vi\u00f1as\u00a0<\/em>que el choque entre una <strong>moto marca Zanella<\/strong> y un <strong>VW Gol<\/strong> ocurri\u00f3 minutos antes de las <strong>14hs.<\/strong><\/span><\/p>\n<p><span style=\"color: #000000;\">La reconstrucci\u00f3n oficial del impacto rese\u00f1a que <strong>el rodado menor<\/strong>, al mando de un hombre mayor de edad,<strong> circulaba en direcci\u00f3n al sureste por Diagonal Pellegrini<\/strong> mientras que el<strong> VW Gol se desplazaba hacia el este<\/strong>.<\/span><\/p>\n<p><span style=\"color: #000000;\">Producto de la colisi\u00f3n, el motociclista cay\u00f3 pesadamente al suelo ocasion\u00e1ndole <strong><em>lesiones leves<\/em><\/strong> por lo que fue trasladado a la guardia del hospital &#8216;Enfermeros Argentinos&#8217;. Por su parte, <strong>el conductor del veh\u00edculo sufri\u00f3 una leve descompensaci\u00f3n<\/strong>.<\/span><\/p>\n<h5><span style=\"color: #000000;\"> \u2022F.B.<\/span><\/h5>\n","protected":false},"excerpt":{"rendered":"<p>En horas de la tarde de este mi\u00e9rcoles, un veh\u00edculo y una motocicleta protagonizaron un accidente de tr\u00e1nsito en la intersecci\u00f3n &#8230;<\/p>\n","protected":false},"author":8,"featured_media":100920,"comment_status":"open","ping_status":"open","sticky":false,"template":"","format":"standard","meta":{"footnotes":""},"categories":[5,4],"tags":[],"class_list":["post-100919","post","type-post","status-publish","format-standard","has-post-thumbnail","hentry","category-actualidad","category-policiales"],"_links":{"self":[{"href":"https:\/\/vinasfm.com\/noticias\/wp-json\/wp\/v2\/posts\/100919","targetHints":{"allow":["GET"]}}],"collection":[{"href":"https:\/\/vinasfm.com\/noticias\/wp-json\/wp\/v2\/posts"}],"about":[{"href":"https:\/\/vinasfm.com\/noticias\/wp-json\/wp\/v2\/types\/post"}],"author":[{"embeddable":true,"href":"https:\/\/vinasfm.com\/noticias\/wp-json\/wp\/v2\/users\/8"}],"replies":[{"embeddable":true,"href":"https:\/\/vinasfm.com\/noticias\/wp-json\/wp\/v2\/comments?post=100919"}],"version-history":[{"count":4,"href":"https:\/\/vinasfm.com\/noticias\/wp-json\/wp\/v2\/posts\/100919\/revisions"}],"predecessor-version":[{"id":100928,"href":"https:\/\/vinasfm.com\/noticias\/wp-json\/wp\/v2\/posts\/100919\/revisions\/100928"}],"wp:featuredmedia":[{"embeddable":true,"href":"https:\/\/vinasfm.com\/noticias\/wp-json\/wp\/v2\/media\/100920"}],"wp:attachment":[{"href":"https:\/\/vinasfm.com\/noticias\/wp-json\/wp\/v2\/media?parent=100919"}],"wp:term":[{"taxonomy":"category","embeddable":true,"href":"https:\/\/vinasfm.com\/noticias\/wp-json\/wp\/v2\/categories?post=100919"},{"taxonomy":"post_tag","embeddable":true,"href":"https:\/\/vinasfm.com\/noticias\/wp-json\/wp\/v2\/tags?post=100919"}],"curies":[{"name":"wp","href":"https:\/\/api.w.org\/{rel}","templated":true}]}}