{"id":100765,"date":"2021-11-09T00:01:51","date_gmt":"2021-11-09T03:01:51","guid":{"rendered":"http:\/\/vinasfm.com\/noticias\/?p=100765"},"modified":"2021-11-10T15:26:10","modified_gmt":"2021-11-10T18:26:10","slug":"el-intendente-marcolini-pidio-consensos-despues-de-las-elecciones-legislativas-para-avanzar-en-politicas-de-estado","status":"publish","type":"post","link":"https:\/\/vinasfm.com\/noticias\/el-intendente-marcolini-pidio-consensos-despues-de-las-elecciones-legislativas-para-avanzar-en-politicas-de-estado\/","title":{"rendered":"EL INTENDENTE PIDI\u00d3 CONSENSOS POSTELECTORALES PARA AVANZAR EN POL\u00cdTICAS DE ESTADO"},"content":{"rendered":"<h4><strong><span style=\"color: #000000;\">El Lic. Walther Marcolini apunt\u00f3 a la importancia de que se construyan consensos entre las fuerzas mayoritarias para el avance en pol\u00edticas de estado sin importar el resultado de las elecciones legislativas del pr\u00f3ximo domingo.<\/span><\/strong><\/h4>\n<p><span style=\"color: #000000;\">En di\u00e1logo con <strong>Puntos de Vista, de FM Vi\u00f1as, el Intendente Walther Marcolini<\/strong> anticip\u00f3 el panorama del frente Cambia Mendoza en el plano departamental, provincial y sus candidatos a legisladores nacionales.<em><strong> \u00abEs un a\u00f1o at\u00edpico, una campa\u00f1a at\u00edpica, pero esta es la esencia de la democracia y tenemos la posibilidad de construir una nueva mayor\u00eda que nos sirva para construir nuevos consensos, porque Argentina los necesita para ser un pa\u00eds previsible\u00bb<\/strong><\/em>, explic\u00f3 el Licenciado.<\/span><\/p>\n<p><span style=\"color: #000000;\">Con un repaso hist\u00f3rico y la cr\u00edtica hacia las malas decisiones de los distintos gobiernos desde la vuelta de la democracia, Marcolini opin\u00f3 que tiene una gran responsabilidad tambi\u00e9n en el \u00e1mbito departamental. <em><strong>\u00abHay que buscar encontrar equilibrios, y pensar en la construcci\u00f3n de pol\u00edticas de estado a mediano y largo plazo. Eso requiere de consensos\u00bb<\/strong><\/em>, reafirm\u00f3 y en ese sentido, para evitar disputas antes de las elecciones, coment\u00f3 que enviar\u00e1n el presupuesto de 2022 despu\u00e9s del 14.<\/span><\/p>\n<p><span style=\"color: #000000;\">Por otra parte, con respecto a las prioridades en las que considera que gobierno y oposici\u00f3n deben trabajar para mejorar es el federalismo. <em><strong>\u00abEs un problema el hecho de estar alejado de los centros de tomas de decisiones. Por eso nosotros hemos intentado que no que no se reproduzca en el departamento, porque es algo que uno le reclama a la provincia y la naci\u00f3n\u00bb<\/strong><\/em>, manifest\u00f3 el Intendente con la intenci\u00f3n de seguir avanzando con obras en parajes y distritos.<\/span><\/p>\n<p><span style=\"color: #000000;\">Por \u00faltimo, y retomando la importancia de que se logren acuerdos para que la pol\u00edtica pueda facilitarle la vida a los ciudadanos en distintos aspectos, Marcolini reclam\u00f3: <em><strong>\u00abNo hemos escatimado esfuerzo en todos los \u00f3rdenes y la educaci\u00f3n es un ejemplo, pero hace falta pol\u00edtica arquitect\u00f3nica y creo que tenemos que tener la capacidad de separara porque hubo legisladores en contra del presupuesto provincial e incluso de obras que vienen para Alvear. Esto sigue siendo una deuda de todos\u00bb.<\/strong><\/em><\/span><\/p>\n<h5><span style=\"color: #000000;\">\u2022L.A.<\/span><\/h5>\n","protected":false},"excerpt":{"rendered":"<p>El Lic. Walther Marcolini apunt\u00f3 a la importancia de que se construyan consensos entre las fuerzas mayoritarias para el avance en &#8230;<\/p>\n","protected":false},"author":7,"featured_media":99652,"comment_status":"open","ping_status":"open","sticky":false,"template":"","format":"standard","meta":{"footnotes":""},"categories":[5,23],"tags":[],"class_list":["post-100765","post","type-post","status-publish","format-standard","has-post-thumbnail","hentry","category-actualidad","category-elecciones"],"_links":{"self":[{"href":"https:\/\/vinasfm.com\/noticias\/wp-json\/wp\/v2\/posts\/100765","targetHints":{"allow":["GET"]}}],"collection":[{"href":"https:\/\/vinasfm.com\/noticias\/wp-json\/wp\/v2\/posts"}],"about":[{"href":"https:\/\/vinasfm.com\/noticias\/wp-json\/wp\/v2\/types\/post"}],"author":[{"embeddable":true,"href":"https:\/\/vinasfm.com\/noticias\/wp-json\/wp\/v2\/users\/7"}],"replies":[{"embeddable":true,"href":"https:\/\/vinasfm.com\/noticias\/wp-json\/wp\/v2\/comments?post=100765"}],"version-history":[{"count":5,"href":"https:\/\/vinasfm.com\/noticias\/wp-json\/wp\/v2\/posts\/100765\/revisions"}],"predecessor-version":[{"id":100795,"href":"https:\/\/vinasfm.com\/noticias\/wp-json\/wp\/v2\/posts\/100765\/revisions\/100795"}],"wp:featuredmedia":[{"embeddable":true,"href":"https:\/\/vinasfm.com\/noticias\/wp-json\/wp\/v2\/media\/99652"}],"wp:attachment":[{"href":"https:\/\/vinasfm.com\/noticias\/wp-json\/wp\/v2\/media?parent=100765"}],"wp:term":[{"taxonomy":"category","embeddable":true,"href":"https:\/\/vinasfm.com\/noticias\/wp-json\/wp\/v2\/categories?post=100765"},{"taxonomy":"post_tag","embeddable":true,"href":"https:\/\/vinasfm.com\/noticias\/wp-json\/wp\/v2\/tags?post=100765"}],"curies":[{"name":"wp","href":"https:\/\/api.w.org\/{rel}","templated":true}]}}