{"id":100722,"date":"2021-11-10T09:55:58","date_gmt":"2021-11-10T12:55:58","guid":{"rendered":"http:\/\/vinasfm.com\/noticias\/?p=100722"},"modified":"2021-11-10T15:24:15","modified_gmt":"2021-11-10T18:24:15","slug":"hernan-climent-es-optimista-esperamos-el-respaldo-de-las-paso-y-hay-que-responder-esa-confianza","status":"publish","type":"post","link":"https:\/\/vinasfm.com\/noticias\/hernan-climent-es-optimista-esperamos-el-respaldo-de-las-paso-y-hay-que-responder-esa-confianza\/","title":{"rendered":"HERN\u00c1N CLIMENT ES OPTIMISTA: &#8216;ESPERAMOS EL RESPALDO DE LAS PASO Y HAY QUE RESPONDER ESA CONFIANZA&#8217;"},"content":{"rendered":"<h4><span style=\"color: #000000;\"><strong>El candidato a concejal en primer t\u00e9rmino por el Frente Cambia Mendoza Hern\u00e1n Climent asegur\u00f3 que esperan volver a tener el respaldo de las PASO, lo cual les genera gran responsabilidad. Y en cuanto a propuestas, prioriz\u00f3 el sector rural dentro de los distintos pedidos que reciben de los vecino<\/strong>s.<\/span><\/h4>\n<p><span style=\"color: #000000;\">En di\u00e1logo con <strong>Puntos de Vista, de FM Vi\u00f1as, el candidato a concejal Hern\u00e1n Climent por la lista 503<\/strong> mostr\u00f3 optimismo con respecto a la elecci\u00f3n de la gente en las urnas el pr\u00f3ximo domingo: <em><strong>\u00abNoto a la gente muy decidida, nos reciben mejor, y las consultas o reclamos que hacen son solucionables, as\u00ed que nos llevamos muchas inquietudes para trabajar y hay muchas en las que a estamos trabajando, como el tema seguridad\u00bb<\/strong><\/em>.<\/span><\/p>\n<p><span style=\"color: #000000;\">Asimismo, el actual Delegado de Bowen, afirm\u00f3: <em><strong>\u00abTenemos la tranquilidad del respaldo que tuvimos en las PASO y ojal\u00e1 lo volvamos a tener. Adem\u00e1s es un compromiso, porque si nos vota el 50% de los alvearenses, es una confianza a la que tenemos que dar respuesta\u00bb<\/strong><\/em>. Por esta raz\u00f3n, con el compromiso de seguir junto al grupo de Delegados que a su entender lo acerca a la realidad, prometi\u00f3 seguir trabajando en las necesidades de los alvearenses.<\/span><\/p>\n<p><span style=\"color: #000000;\">En este sentido, dentro de los aspectos en los que deben trabajar prioriz\u00f3 al sector agr\u00edcola.<em><strong> \u00abEl que coseche va a tener buen precio, el tema es que con un 50% de inflaci\u00f3n anual es imposible llegar con plata a la pr\u00f3xima cosecha\u00bb<\/strong><\/em>, afirm\u00f3, y debido a que no pueden solucionar esta problem\u00e1tica, se\u00f1al\u00f3 su propuesta:<em><strong> \u00abEl ejecutivo local ha aplicado distintas herramientas como la recuperaci\u00f3n de pozos de riego, el fideicomiso de la ciruela y los plantines de tomate\u00bb.<\/strong><\/em><\/span><\/p>\n<p><span style=\"color: #000000;\">Con respecto al \u00faltimo proyecto, que tuvo su entrega esta semana, Climent destac\u00f3: <em><strong>\u00abYa se empezaron a plantar, y muchos ya est\u00e1n generando el valor extra, ya que no est\u00e1n acudiendo a industria, sino que van a adquirir frascos y botellas\u00bb<\/strong><\/em>. Para poder aprovechar esta herramienta con la que el gobierno municipal tambi\u00e9n colabora, as\u00ed como con otras opciones, el candidato a concejal se refiri\u00f3 a un problema que deben resolver.<\/span><\/p>\n<p><span style=\"color: #000000;\"><em><strong>\u00abEn nuestra agricultura tenemos fincas que eran de los abuelos, pasaron a los padres y luego a los nietos. Y est\u00e1n sin escritura, porque se han quedado sin papeles, por divisiones de herencias y eso les impide acceder a las herramientas que el estadio tiene para ofrecer. En esos casos hay que ver como podemos ayudarlos para que se pongan en regla\u00bb<\/strong><\/em>, cerr\u00f3 Climent, con especial inter\u00e9s por el sector rural.<\/span><\/p>\n<p><span style=\"color: #000000;\"><strong>\u2022L.A.<\/strong><\/span><\/p>\n<p>&nbsp;<\/p>\n<p>&nbsp;<\/p>\n<p>&nbsp;<\/p>\n","protected":false},"excerpt":{"rendered":"<p>El candidato a concejal en primer t\u00e9rmino por el Frente Cambia Mendoza Hern\u00e1n Climent asegur\u00f3 que esperan volver a tener el &#8230;<\/p>\n","protected":false},"author":7,"featured_media":52020,"comment_status":"open","ping_status":"open","sticky":false,"template":"","format":"standard","meta":{"footnotes":""},"categories":[5,23],"tags":[],"class_list":["post-100722","post","type-post","status-publish","format-standard","has-post-thumbnail","hentry","category-actualidad","category-elecciones"],"_links":{"self":[{"href":"https:\/\/vinasfm.com\/noticias\/wp-json\/wp\/v2\/posts\/100722","targetHints":{"allow":["GET"]}}],"collection":[{"href":"https:\/\/vinasfm.com\/noticias\/wp-json\/wp\/v2\/posts"}],"about":[{"href":"https:\/\/vinasfm.com\/noticias\/wp-json\/wp\/v2\/types\/post"}],"author":[{"embeddable":true,"href":"https:\/\/vinasfm.com\/noticias\/wp-json\/wp\/v2\/users\/7"}],"replies":[{"embeddable":true,"href":"https:\/\/vinasfm.com\/noticias\/wp-json\/wp\/v2\/comments?post=100722"}],"version-history":[{"count":7,"href":"https:\/\/vinasfm.com\/noticias\/wp-json\/wp\/v2\/posts\/100722\/revisions"}],"predecessor-version":[{"id":100842,"href":"https:\/\/vinasfm.com\/noticias\/wp-json\/wp\/v2\/posts\/100722\/revisions\/100842"}],"wp:featuredmedia":[{"embeddable":true,"href":"https:\/\/vinasfm.com\/noticias\/wp-json\/wp\/v2\/media\/52020"}],"wp:attachment":[{"href":"https:\/\/vinasfm.com\/noticias\/wp-json\/wp\/v2\/media?parent=100722"}],"wp:term":[{"taxonomy":"category","embeddable":true,"href":"https:\/\/vinasfm.com\/noticias\/wp-json\/wp\/v2\/categories?post=100722"},{"taxonomy":"post_tag","embeddable":true,"href":"https:\/\/vinasfm.com\/noticias\/wp-json\/wp\/v2\/tags?post=100722"}],"curies":[{"name":"wp","href":"https:\/\/api.w.org\/{rel}","templated":true}]}}