{"id":100673,"date":"2021-11-08T09:03:54","date_gmt":"2021-11-08T12:03:54","guid":{"rendered":"http:\/\/vinasfm.com\/noticias\/?p=100673"},"modified":"2021-11-09T11:41:18","modified_gmt":"2021-11-09T14:41:18","slug":"en-3-anos-se-perdieron-mas-de-200-hectareas-implantadas-con-durazno-en-el-sur-provincial","status":"publish","type":"post","link":"https:\/\/vinasfm.com\/noticias\/en-3-anos-se-perdieron-mas-de-200-hectareas-implantadas-con-durazno-en-el-sur-provincial\/","title":{"rendered":"EN 3 A\u00d1OS SE PERDIERON M\u00c1S DE 200 HECT\u00c1REAS IMPLANTADAS CON DURAZNO EN EL SUR PROVINCIAL"},"content":{"rendered":"<h4><span style=\"color: #000000;\"><strong>La superficie de cultivo para durazno industrial ha registrado una ca\u00edda en toda Mendoza en los \u00faltimos tres a\u00f1os. El sur no es la excepci\u00f3n a la regla, y se calcula que se erradicaron m\u00e1s de 200 hect\u00e1reas desde el 2017, aunque la tendencia a la baja se mantiene desde hace m\u00e1s de 15 a\u00f1os.<\/strong><\/span><\/h4>\n<p><span style=\"color: #000000;\">Seg\u00fan los datos aportados por el <strong>Instituto de Desarrollo Rural en la provincia de Mendoza<\/strong> hay 5.439 hect\u00e1reas con durazno. En base a los datos de 2020, y con respecto al \u00faltimo Censo (2017) la superficie sufri\u00f3 un retroceso del 23 %, es decir el equivalente a 1.650 hect\u00e1reas menos en el territorio provincial.<\/span><\/p>\n<p><span style=\"color: #000000;\">\u201c<strong><em>La tendencia general de la superficie, con respecto al Censo del 2017 en todos los oasis, es descendente<\/em><\/strong>\u201d, explica el informe y se\u00f1ala que \u201c<strong><em>las zonas Sur y Noreste mantienen esta tendencia desde el a\u00f1o 2004<\/em><\/strong>\u201d.<\/span><\/p>\n<p><span style=\"color: #000000;\">En la \u00fanica zona productiva que creci\u00f3 el durazno fue en el Valle de Uco de 2004 a 2017, pero en los \u00faltimos tres a\u00f1os tambi\u00e9n se modific\u00f3 la tendencia a la baja debido a la erradicaci\u00f3n de propiedades de superficies medianas y grandes.\u00a0Esta situaci\u00f3n se replic\u00f3 en el oasis Noreste tambi\u00e9n, en donde se erradicaron los cultivos de dos grandes propiedades, en Maip\u00fa y San Mart\u00edn.<\/span><\/p>\n<p><span style=\"color: #000000;\">\u201c<strong><em>En el oasis Sur, la disminuci\u00f3n de superficie es menos dr\u00e1stica, debido a que este oasis concentra una gran cantidad de propiedades con menos de 5 ha, pero sigue la tendencia general de descenso<\/em><\/strong>\u201d, explica el informe.<\/span><\/p>\n<p><span style=\"color: #000000;\">En el mismo sentido, desde el IDR se\u00f1alan que \u201c<strong><em>si se analiza la variaci\u00f3n de la superficie desde el primer censo provincial de durazno para industria, realizado en 2004, con respecto al \u00faltimo de 2017, los oasis Nor-este y Sur disminuyeron la superficie implantada casi a la mitad<\/em><\/strong>\u201d.<\/span><\/p>\n<p><span style=\"color: #000000;\">Los datos hablan por s\u00ed solos. Es que en 2004 se registraban 3162,5 hect\u00e1reas implantadas con durazno en el sur, en 2014 se descendi\u00f3 a 2424,55. En 2017 quedaban 1971,2 y en la actualidad se descendi\u00f3 a 1741,69.<\/span><\/p>\n","protected":false},"excerpt":{"rendered":"<p>La superficie de cultivo para durazno industrial ha registrado una ca\u00edda en toda Mendoza en los \u00faltimos tres a\u00f1os. El sur &#8230;<\/p>\n","protected":false},"author":8,"featured_media":1628,"comment_status":"open","ping_status":"open","sticky":false,"template":"","format":"standard","meta":{"footnotes":""},"categories":[5,14],"tags":[],"class_list":["post-100673","post","type-post","status-publish","format-standard","has-post-thumbnail","hentry","category-actualidad","category-agro"],"_links":{"self":[{"href":"https:\/\/vinasfm.com\/noticias\/wp-json\/wp\/v2\/posts\/100673","targetHints":{"allow":["GET"]}}],"collection":[{"href":"https:\/\/vinasfm.com\/noticias\/wp-json\/wp\/v2\/posts"}],"about":[{"href":"https:\/\/vinasfm.com\/noticias\/wp-json\/wp\/v2\/types\/post"}],"author":[{"embeddable":true,"href":"https:\/\/vinasfm.com\/noticias\/wp-json\/wp\/v2\/users\/8"}],"replies":[{"embeddable":true,"href":"https:\/\/vinasfm.com\/noticias\/wp-json\/wp\/v2\/comments?post=100673"}],"version-history":[{"count":1,"href":"https:\/\/vinasfm.com\/noticias\/wp-json\/wp\/v2\/posts\/100673\/revisions"}],"predecessor-version":[{"id":100674,"href":"https:\/\/vinasfm.com\/noticias\/wp-json\/wp\/v2\/posts\/100673\/revisions\/100674"}],"wp:featuredmedia":[{"embeddable":true,"href":"https:\/\/vinasfm.com\/noticias\/wp-json\/wp\/v2\/media\/1628"}],"wp:attachment":[{"href":"https:\/\/vinasfm.com\/noticias\/wp-json\/wp\/v2\/media?parent=100673"}],"wp:term":[{"taxonomy":"category","embeddable":true,"href":"https:\/\/vinasfm.com\/noticias\/wp-json\/wp\/v2\/categories?post=100673"},{"taxonomy":"post_tag","embeddable":true,"href":"https:\/\/vinasfm.com\/noticias\/wp-json\/wp\/v2\/tags?post=100673"}],"curies":[{"name":"wp","href":"https:\/\/api.w.org\/{rel}","templated":true}]}}