{"id":100658,"date":"2021-11-08T08:30:44","date_gmt":"2021-11-08T11:30:44","guid":{"rendered":"http:\/\/vinasfm.com\/noticias\/?p=100658"},"modified":"2021-11-09T11:41:12","modified_gmt":"2021-11-09T14:41:12","slug":"cerca-de-300-personas-participaron-del-torneo-provincial-de-danza-y-aerobica","status":"publish","type":"post","link":"https:\/\/vinasfm.com\/noticias\/cerca-de-300-personas-participaron-del-torneo-provincial-de-danza-y-aerobica\/","title":{"rendered":"CERCA DE 300 PERSONAS PARTICIPARON DEL TORNEO PROVINCIAL DE DANZA Y AER\u00d3BICA"},"content":{"rendered":"<h4><span style=\"color: #000000;\"><strong>En el sal\u00f3n mayor del predio ferial, con gran \u00e9xito y convocatoria, se llev\u00f3 a cabo el Selectivo regional Zona Sur del Torneo Provincial de Danza y Aer\u00f3bica 2.021. Participaron academias y bailarines de General Alvear, San Rafael, Malarg\u00fce y La Pampa.<\/strong><\/span><\/h4>\n<p><span style=\"color: #000000;\">Con formato de exhibici\u00f3n, se realiz\u00f3 el Provincial de Danza y Aer\u00f3bica, brindando la posibilidad de mostrar lo hecho durante el a\u00f1o: \u201c<strong><em>Participaron entre 250 y 270 personas sobre el escenario, de General Alvear, San Rafael, Malarg\u00fce y La Pampa. Desde la Direcci\u00f3n de Deportes contamos con el Programa Alvear Baila, con clases de distintos ritmos y aer\u00f3bica, son clases sistem\u00e1ticas de las cuales tambi\u00e9n participan ni\u00f1os<\/em><\/strong>\u201d, destac\u00f3 la organizadora Viviana Giaccar\u00eda.<\/span><\/p>\n<p><span style=\"color: #000000;\">Por su parte el Director de Deportes Jer\u00f3nimo Colla destac\u00f3 la realizaci\u00f3n de este evento de manera presencial: \u201c<strong><em>No solamente se encuentran nuestros ni\u00f1os sino toda la familia acompa\u00f1ando, lo que hace que sea un reencuentro<\/em><\/strong>\u201d, manifest\u00f3 a la vez que agradeci\u00f3 al Subsecretario de Deportes de la Provincia Federico Chiappeta y a Viviana Balzarelli, Directora de Deporte Social.<\/span><\/p>\n","protected":false},"excerpt":{"rendered":"<p>En el sal\u00f3n mayor del predio ferial, con gran \u00e9xito y convocatoria, se llev\u00f3 a cabo el Selectivo regional Zona Sur &#8230;<\/p>\n","protected":false},"author":8,"featured_media":100660,"comment_status":"open","ping_status":"open","sticky":false,"template":"","format":"standard","meta":{"footnotes":""},"categories":[5,10],"tags":[],"class_list":["post-100658","post","type-post","status-publish","format-standard","has-post-thumbnail","hentry","category-actualidad","category-destacadas"],"_links":{"self":[{"href":"https:\/\/vinasfm.com\/noticias\/wp-json\/wp\/v2\/posts\/100658","targetHints":{"allow":["GET"]}}],"collection":[{"href":"https:\/\/vinasfm.com\/noticias\/wp-json\/wp\/v2\/posts"}],"about":[{"href":"https:\/\/vinasfm.com\/noticias\/wp-json\/wp\/v2\/types\/post"}],"author":[{"embeddable":true,"href":"https:\/\/vinasfm.com\/noticias\/wp-json\/wp\/v2\/users\/8"}],"replies":[{"embeddable":true,"href":"https:\/\/vinasfm.com\/noticias\/wp-json\/wp\/v2\/comments?post=100658"}],"version-history":[{"count":1,"href":"https:\/\/vinasfm.com\/noticias\/wp-json\/wp\/v2\/posts\/100658\/revisions"}],"predecessor-version":[{"id":100661,"href":"https:\/\/vinasfm.com\/noticias\/wp-json\/wp\/v2\/posts\/100658\/revisions\/100661"}],"wp:featuredmedia":[{"embeddable":true,"href":"https:\/\/vinasfm.com\/noticias\/wp-json\/wp\/v2\/media\/100660"}],"wp:attachment":[{"href":"https:\/\/vinasfm.com\/noticias\/wp-json\/wp\/v2\/media?parent=100658"}],"wp:term":[{"taxonomy":"category","embeddable":true,"href":"https:\/\/vinasfm.com\/noticias\/wp-json\/wp\/v2\/categories?post=100658"},{"taxonomy":"post_tag","embeddable":true,"href":"https:\/\/vinasfm.com\/noticias\/wp-json\/wp\/v2\/tags?post=100658"}],"curies":[{"name":"wp","href":"https:\/\/api.w.org\/{rel}","templated":true}]}}