{"id":100632,"date":"2021-11-09T23:59:03","date_gmt":"2021-11-10T02:59:03","guid":{"rendered":"http:\/\/vinasfm.com\/noticias\/?p=100632"},"modified":"2021-11-10T09:48:53","modified_gmt":"2021-11-10T12:48:53","slug":"abel-freidemberg-es-un-desafio-que-uno-va-tomando-y-mi-compromiso-social-es-con-el-agro","status":"publish","type":"post","link":"https:\/\/vinasfm.com\/noticias\/abel-freidemberg-es-un-desafio-que-uno-va-tomando-y-mi-compromiso-social-es-con-el-agro\/","title":{"rendered":"ABEL FREIDEMBERG: &#8216;EN ESTE DESAF\u00cdO MI COMPROMISO ES CON EL AGRO&#8217;"},"content":{"rendered":"<h4><span style=\"color: #000000;\"><strong>El Doc. Abel Freidemberg, candidato a Senador en primer termino por el Frente Cambia Mendoza, contin\u00faa trabajando en la campa\u00f1a buscando mejorar los resultados en las elecciones generales de este 14 de noviembre.<\/strong><\/span><\/h4>\n<p><span style=\"color: #000000;\"> Las bases de su campa\u00f1a y su trabajo es reforzar el valor de los trabajadores de la salud, el agro, trabajar sobre la econom\u00eda y la seguridad que son las falencias que m\u00e1s preocupan a los vecinos, el actual <em><strong>Director General de la Regi\u00f3n Sur del Ministerio de Salud, el Doc. Abel Freidemberg,<\/strong><\/em> continua su trabajo en el \u00e1rea de salud y en los momentos libres aprovecha para caminar las calles, escuchar las necesidades, reclamos de los vecinos. <\/span><\/p>\n<p><span style=\"color: #000000;\">En di\u00e1logo con <em><strong>F.M. VI\u00d1AS, Doc. Abel Freidemberg: &#8216;tuvimos una muy buena elecci\u00f3n mejorando el resultado con las pasos pero lo que uno percibe hablando con nuestra gente, con la comunidad cuando uno camina la calle, esa demanda que tiene la sociedad&#8217;.<\/strong><\/em><\/span><\/p>\n<p><span style=\"color: #000000;\"><em><strong>&#8216;Todo el mundo pide trabajo y compromiso nuestro, compromiso y trabajo para con ellos, que no les soltemos la mano nunca, lo que m\u00e1s golpea es la inflaci\u00f3n, es \u00fanicamente resorte de un gobierno nacional la macro econom\u00eda&#8217;<\/strong><\/em>, se\u00f1al\u00f3.<\/span><\/p>\n<p><span style=\"color: #000000;\">Entre los pedidos de los vecinos, el acompa\u00f1amiento para el agro es uno de los m\u00e1s solicitados, <em><strong>&#8216;<\/strong><\/em><em><strong>es un desaf\u00edo que uno va a tomando y mi compromiso social es con el agro<\/strong><\/em><em><strong>, se trabaja a pesar de las medidas que se van haciendo desde la econom\u00eda para beneficiar el agro tambi\u00e9n es importante el uso racional del agua y todo lo que se lleva acabo desde irrigaci\u00f3n y esperemos que sea este el camino es fundamental el agro y m\u00e1s para General Alvear<\/strong><\/em>&#8216;, subray\u00f3 al finalizar el Doc. Abel Freidemberg.\u00a0<\/span><\/p>\n<h5><span style=\"color: #000000;\">\u2022C.F.<\/span><\/h5>\n","protected":false},"excerpt":{"rendered":"<p>El Doc. Abel Freidemberg, candidato a Senador en primer termino por el Frente Cambia Mendoza, contin\u00faa trabajando en la campa\u00f1a buscando &#8230;<\/p>\n","protected":false},"author":7,"featured_media":6529,"comment_status":"open","ping_status":"open","sticky":false,"template":"","format":"standard","meta":{"footnotes":""},"categories":[5,23],"tags":[],"class_list":["post-100632","post","type-post","status-publish","format-standard","has-post-thumbnail","hentry","category-actualidad","category-elecciones"],"_links":{"self":[{"href":"https:\/\/vinasfm.com\/noticias\/wp-json\/wp\/v2\/posts\/100632","targetHints":{"allow":["GET"]}}],"collection":[{"href":"https:\/\/vinasfm.com\/noticias\/wp-json\/wp\/v2\/posts"}],"about":[{"href":"https:\/\/vinasfm.com\/noticias\/wp-json\/wp\/v2\/types\/post"}],"author":[{"embeddable":true,"href":"https:\/\/vinasfm.com\/noticias\/wp-json\/wp\/v2\/users\/7"}],"replies":[{"embeddable":true,"href":"https:\/\/vinasfm.com\/noticias\/wp-json\/wp\/v2\/comments?post=100632"}],"version-history":[{"count":9,"href":"https:\/\/vinasfm.com\/noticias\/wp-json\/wp\/v2\/posts\/100632\/revisions"}],"predecessor-version":[{"id":100800,"href":"https:\/\/vinasfm.com\/noticias\/wp-json\/wp\/v2\/posts\/100632\/revisions\/100800"}],"wp:featuredmedia":[{"embeddable":true,"href":"https:\/\/vinasfm.com\/noticias\/wp-json\/wp\/v2\/media\/6529"}],"wp:attachment":[{"href":"https:\/\/vinasfm.com\/noticias\/wp-json\/wp\/v2\/media?parent=100632"}],"wp:term":[{"taxonomy":"category","embeddable":true,"href":"https:\/\/vinasfm.com\/noticias\/wp-json\/wp\/v2\/categories?post=100632"},{"taxonomy":"post_tag","embeddable":true,"href":"https:\/\/vinasfm.com\/noticias\/wp-json\/wp\/v2\/tags?post=100632"}],"curies":[{"name":"wp","href":"https:\/\/api.w.org\/{rel}","templated":true}]}}