{"id":100559,"date":"2021-11-05T09:41:19","date_gmt":"2021-11-05T12:41:19","guid":{"rendered":"http:\/\/vinasfm.com\/noticias\/?p=100559"},"modified":"2021-11-05T20:28:36","modified_gmt":"2021-11-05T23:28:36","slug":"alvear-es-pionero-en-la-provincia-en-cuanto-a-politicas-publicas-sobre-ninez-y-adolescencia","status":"publish","type":"post","link":"https:\/\/vinasfm.com\/noticias\/alvear-es-pionero-en-la-provincia-en-cuanto-a-politicas-publicas-sobre-ninez-y-adolescencia\/","title":{"rendered":"ALVEAR ES PIONERO EN LA PROVINCIA EN CUANTO A POL\u00cdTICAS P\u00daBLICAS SOBRE NI\u00d1EZ Y ADOLESCENCIA"},"content":{"rendered":"<h4><span style=\"color: #000000;\"><strong>El Presidente del Consejo Provincial de Ni\u00f1ez y Adolescencia, Armando Aracena, estuvo presente en nuestro departamento con el objetivo de generar una p\u00e1gina web referida a Ni\u00f1ez y Adolescencia.<\/strong><\/span><\/h4>\n<p><span style=\"color: #000000;\">La p\u00e1gina web funcionar\u00e1 con recursos municipales y brindar\u00e1 la posibilidad a instituciones relacionadas con la tem\u00e1tica a que realicen propuestas y sugerencias, la presentaci\u00f3n se realizar\u00e1 el pr\u00f3ximo mi\u00e9rcoles, a las 19 hs, en el Cine Teatro Antonio Lafalla: &#8216;<strong><em>Vamos a invitar a todos los involucrados y al p\u00fablico en general, porque es fundamental que participen. Desde cada instituci\u00f3n nos acercaron el alcance y los objetivos de cada una de ellas<\/em><\/strong>&#8216;, especific\u00f3 Aracena.<\/span><\/p>\n<p><span style=\"color: #000000;\">Esta ser\u00e1 la primera vez en la que un Municipio vuelca toda esta informaci\u00f3n al servicio de la comunidad, de manera online, lo que convierte a General Alvear en un departamento pionero en esta tem\u00e1tica: &#8216;<strong><em>Nos vamos muy satisfecho porque si nosotros contamos con m\u00e1s apoyo y recursos institucionales, vamos a poder garantizar m\u00e1s derechos a ni\u00f1os y adolescentes<\/em><\/strong>&#8216;, dijo el funcionario provincial.<\/span><\/p>\n<p><span style=\"color: #000000;\">Aracena destac\u00f3, tambi\u00e9n, que <strong>General Alvear trabaja fuertemente en definir pol\u00edticas p\u00fablicas en cuanto a Ni\u00f1ez y Adolescencia<\/strong>, esto se refleja en distintas ordenanzas emitidas por el Concejo Deliberante, el apoyo de las instituciones, y el apoyo constante de la Municipalidad de nuestro departamento. A fin de mes se realizar\u00e1 una nueva reuni\u00f3n con el eje puesto en esta tem\u00e1tica y de esta manera generar nuevos objetivos.<\/span><\/p>\n<h5><span style=\"color: #000000;\">\u2022F.B.<\/span><\/h5>\n","protected":false},"excerpt":{"rendered":"<p>El Presidente del Consejo Provincial de Ni\u00f1ez y Adolescencia, Armando Aracena, estuvo presente en nuestro departamento con el objetivo de generar &#8230;<\/p>\n","protected":false},"author":8,"featured_media":100560,"comment_status":"open","ping_status":"open","sticky":false,"template":"","format":"standard","meta":{"footnotes":""},"categories":[5,10],"tags":[],"class_list":["post-100559","post","type-post","status-publish","format-standard","has-post-thumbnail","hentry","category-actualidad","category-destacadas"],"_links":{"self":[{"href":"https:\/\/vinasfm.com\/noticias\/wp-json\/wp\/v2\/posts\/100559","targetHints":{"allow":["GET"]}}],"collection":[{"href":"https:\/\/vinasfm.com\/noticias\/wp-json\/wp\/v2\/posts"}],"about":[{"href":"https:\/\/vinasfm.com\/noticias\/wp-json\/wp\/v2\/types\/post"}],"author":[{"embeddable":true,"href":"https:\/\/vinasfm.com\/noticias\/wp-json\/wp\/v2\/users\/8"}],"replies":[{"embeddable":true,"href":"https:\/\/vinasfm.com\/noticias\/wp-json\/wp\/v2\/comments?post=100559"}],"version-history":[{"count":2,"href":"https:\/\/vinasfm.com\/noticias\/wp-json\/wp\/v2\/posts\/100559\/revisions"}],"predecessor-version":[{"id":100565,"href":"https:\/\/vinasfm.com\/noticias\/wp-json\/wp\/v2\/posts\/100559\/revisions\/100565"}],"wp:featuredmedia":[{"embeddable":true,"href":"https:\/\/vinasfm.com\/noticias\/wp-json\/wp\/v2\/media\/100560"}],"wp:attachment":[{"href":"https:\/\/vinasfm.com\/noticias\/wp-json\/wp\/v2\/media?parent=100559"}],"wp:term":[{"taxonomy":"category","embeddable":true,"href":"https:\/\/vinasfm.com\/noticias\/wp-json\/wp\/v2\/categories?post=100559"},{"taxonomy":"post_tag","embeddable":true,"href":"https:\/\/vinasfm.com\/noticias\/wp-json\/wp\/v2\/tags?post=100559"}],"curies":[{"name":"wp","href":"https:\/\/api.w.org\/{rel}","templated":true}]}}