{"id":100510,"date":"2021-11-05T10:30:57","date_gmt":"2021-11-05T13:30:57","guid":{"rendered":"http:\/\/vinasfm.com\/noticias\/?p=100510"},"modified":"2021-11-05T20:28:05","modified_gmt":"2021-11-05T23:28:05","slug":"jose-moran-sobre-el-fallo-de-la-corte-la-megamineria-no-tiene-licencia-social-en-mendoza","status":"publish","type":"post","link":"https:\/\/vinasfm.com\/noticias\/jose-moran-sobre-el-fallo-de-la-corte-la-megamineria-no-tiene-licencia-social-en-mendoza\/","title":{"rendered":"JOS\u00c9 MOR\u00c1N SOBRE EL FALLO DE LA CORTE: &#8216;LA MEGAMINER\u00cdA NO TIENE LICENCIA SOCIAL EN MENDOZA&#8217;"},"content":{"rendered":"<h4><span style=\"color: #000000;\"><strong>Ante un nuevo fallo de la Corte Suprema de Justicia de la Naci\u00f3n donde se declara parcialmente inconstitucional la ley 7.722, por una frase de uno de sus art\u00edculos que hace referencia a la prohibici\u00f3n de sustancias t\u00f3xicas en t\u00e9rminos indeterminados, se abri\u00f3 nuevamente la pol\u00e9mica sobre la norma que regula la actividad minera en la provincia.<\/strong><\/span><\/h4>\n<p><span style=\"color: #000000;\">Para algunos sectores ambientalistas se trata de un &#8216;<strong><em>gui\u00f1o judicial<\/em><\/strong>&#8216; a las mineras y se mostraron en estado de alerta y movilizaci\u00f3n, pese a que la Justicia declar\u00f3 constitucional todo el resto de la ley.<\/span><\/p>\n<p><span style=\"color: #000000;\">El fallo del m\u00e1ximo tribunal de Justicia <strong>provino de un recurso extraordinario federal que hab\u00eda presentado en 2015 la minera San Jorge<\/strong>, contra la constitucionalidad de la 7.722 que surgi\u00f3 de un fallo plenario de la Suprema Corte de Mendoza.<\/span><\/p>\n<p><span style=\"color: #000000;\">En esta sentencia, la Corte nacional defini\u00f3 que la ley es constitucional, salvo una frase que est\u00e1 en el art\u00edculo 1, que hace referencia a la prohibici\u00f3n de sustancias t\u00f3xicas. Si bien se nombra al<strong> mercurio, cianuro y \u00e1cido sulf\u00farico <\/strong>como prohibidas, la frase inconstitucional es posterior, cuando marca tambi\u00e9n la prohibici\u00f3n del uso de &#8216;<strong><em>otras sustancias t\u00f3xicas similares<\/em><\/strong>&#8216;.<\/span><\/p>\n<p><span style=\"color: #000000;\">En este sentido el <strong>presidente del Honorable Concejo Deliberante de General Alvear<\/strong>, <strong>Jos\u00e9 Mor\u00e1n<\/strong>, sent\u00f3 postura y asegur\u00f3: &#8216;<strong><em>La verdad que nos sorprendi\u00f3 mucho el dictamen del m\u00e1ximo tribunal de la Naci\u00f3n, donde ante el reclamo de la minera San Jorge, la Suprema Corte de la Naci\u00f3n dio a conocer un fallo donde si bien declara constitucional la mayor parte de la ley 7722 y ratifica la prohibici\u00f3n del uso de sustancias qu\u00edmicas como cianuro, mercurio y \u00e1cido sulf\u00farico, lo que nos preocupa mucho y nos pone en estado de alerta sobre este dictamen es porque declar\u00f3 inconstitucional una expresi\u00f3n del art\u00edculo 1 de la Ley 7722 que proh\u00edbe el uso de \u00bb otras sustancias t\u00f3xicas similares<\/em><\/strong>&#8216;.<\/span><\/p>\n<p><span style=\"color: #000000;\">En este sentido subray\u00f3: &#8216;<strong><em>Creo que tenemos que estar muy atentos, ya que este fallo le abre la puerta a las empresas Mineras, porque facilita la explotaci\u00f3n de proyectos mineros que utilicen otras sustancias contaminantes y da\u00f1inas para la salud, como lo son el xantato, la poliacrilamida<\/em><\/strong>&#8216;.<\/span><\/p>\n<p><span style=\"color: #000000;\">&#8216;<strong><em>Las empresas Mineras tienen que entender que pueden hacer miner\u00eda siempre y cuando respeten la Ley 7722<\/em><\/strong>&#8216;, sostuvo Mor\u00e1n, quien en la misma l\u00ednea sostuvo:\u00a0 &#8216;<strong><em>La megaminer\u00eda no tiene ni tendr\u00e1 jam\u00e1s licencia social en Mendoza, y es muy importante que sigamos defendiendo el agua, ya que es recurso que cada vez es m\u00e1s escaso y fundamental para toda la zona productiva de nuestra Provincia<\/em><\/strong>&#8216;.<\/span><\/p>\n","protected":false},"excerpt":{"rendered":"<p>Ante un nuevo fallo de la Corte Suprema de Justicia de la Naci\u00f3n donde se declara parcialmente inconstitucional la ley 7.722, &#8230;<\/p>\n","protected":false},"author":8,"featured_media":92423,"comment_status":"open","ping_status":"open","sticky":false,"template":"","format":"standard","meta":{"footnotes":""},"categories":[5,57],"tags":[],"class_list":["post-100510","post","type-post","status-publish","format-standard","has-post-thumbnail","hentry","category-actualidad","category-ley-7722"],"_links":{"self":[{"href":"https:\/\/vinasfm.com\/noticias\/wp-json\/wp\/v2\/posts\/100510","targetHints":{"allow":["GET"]}}],"collection":[{"href":"https:\/\/vinasfm.com\/noticias\/wp-json\/wp\/v2\/posts"}],"about":[{"href":"https:\/\/vinasfm.com\/noticias\/wp-json\/wp\/v2\/types\/post"}],"author":[{"embeddable":true,"href":"https:\/\/vinasfm.com\/noticias\/wp-json\/wp\/v2\/users\/8"}],"replies":[{"embeddable":true,"href":"https:\/\/vinasfm.com\/noticias\/wp-json\/wp\/v2\/comments?post=100510"}],"version-history":[{"count":3,"href":"https:\/\/vinasfm.com\/noticias\/wp-json\/wp\/v2\/posts\/100510\/revisions"}],"predecessor-version":[{"id":100530,"href":"https:\/\/vinasfm.com\/noticias\/wp-json\/wp\/v2\/posts\/100510\/revisions\/100530"}],"wp:featuredmedia":[{"embeddable":true,"href":"https:\/\/vinasfm.com\/noticias\/wp-json\/wp\/v2\/media\/92423"}],"wp:attachment":[{"href":"https:\/\/vinasfm.com\/noticias\/wp-json\/wp\/v2\/media?parent=100510"}],"wp:term":[{"taxonomy":"category","embeddable":true,"href":"https:\/\/vinasfm.com\/noticias\/wp-json\/wp\/v2\/categories?post=100510"},{"taxonomy":"post_tag","embeddable":true,"href":"https:\/\/vinasfm.com\/noticias\/wp-json\/wp\/v2\/tags?post=100510"}],"curies":[{"name":"wp","href":"https:\/\/api.w.org\/{rel}","templated":true}]}}