{"id":100473,"date":"2021-11-04T12:29:55","date_gmt":"2021-11-04T15:29:55","guid":{"rendered":"http:\/\/vinasfm.com\/noticias\/?p=100473"},"modified":"2021-11-05T10:49:19","modified_gmt":"2021-11-05T13:49:19","slug":"tormenta-celda-de-granizo-afecto-hectareas-de-cultivos-en-el-este-departamental","status":"publish","type":"post","link":"https:\/\/vinasfm.com\/noticias\/tormenta-celda-de-granizo-afecto-hectareas-de-cultivos-en-el-este-departamental\/","title":{"rendered":"TORMENTA: CELDA DE GRANIZO AFECT\u00d3 HECT\u00c1REAS DE CULTIVOS EN EL ESTE DEPARTAMENTAL"},"content":{"rendered":"<h4><span style=\"color: #000000;\"><strong>Las tormentas del pasado mi\u00e9rcoles por la noche afectaron con granizo de tama\u00f1o mediano en la zona de La Escandinava. Seg\u00fan informaron Agust\u00edn Anzorena, de la Direcci\u00f3n de Agricultura, y Adolfo Balverde, Director de Defensa Civil, no hubo mayores inconvenientes en el resto del departamento.<\/strong><\/span><\/h4>\n<p><span style=\"color: #000000;\">En di\u00e1logo con <strong>F.M. Vi\u00f1as, el Director de Agricultura Agust\u00edn Anzorena<\/strong> anticip\u00f3 el impacto de la tormenta de este mi\u00e9rcoles por la noche: <em><strong>\u00abEl pron\u00f3stico ya estaba en alerta amarilla por ca\u00edda de granizo y sucedi\u00f3 en la zona de La Escandinava. Igualmente es una zona peque\u00f1a y el t\u00e9cnico de la Municipalidad est\u00e1 recorriendo la zona, donde hay bastante granizo, acompa\u00f1ado de lluvia pero sin vientos, entonces el da\u00f1o aparentemente es m\u00ednimo\u00bb<\/strong><\/em>.<\/span><\/p>\n<p><span style=\"color: #000000;\">De todas formas, sobre esta precipitaci\u00f3n que afect\u00f3 a la zona entre calle G y 22, hasta la E y 24, asegur\u00f3: <em><strong>\u00abCualquier fruta con una marca queda afuera para transporte y pasa a molienda. Igual hay que esperar y hacer otro recorrido\u00bb<\/strong><\/em>. <\/span><\/p>\n<p><span style=\"color: #000000;\">Adem\u00e1s, Anzorena lament\u00f3: <em><strong>\u00abLas inclemencias no dejan de pegar y hay prevista heladas para ma\u00f1ana, as\u00ed que los productores hort\u00edcolas van a tener que estar atentos, porque los pron\u00f3sticos indican muchos inconvenientes de producci\u00f3n\u00bb<\/strong><\/em>.<\/span><\/p>\n<p><span style=\"color: #000000;\">Por su parte, el <strong>Adolfo Balverde<\/strong> fue optimista con respecto al escaso impacto en todo el departamento en relaci\u00f3n a lo que les anticipaba el radar. <em><strong>\u00abNo tenemos registros de cantidad de granizo, pero ha ca\u00eddo en La Escandinava. Igualmente hemos tenido suerte porque se ha desplazado la primera (la m\u00e1s peligrosa) m\u00e1s hacia el sur\u00bb<\/strong><\/em>, expres\u00f3 el Director de Defensa Civil.<\/span><\/p>\n<p><span style=\"color: #000000;\">Por otra parte aclar\u00f3 que no hubo grandes inconvenientes con las lluvias: <em><strong>\u00abLa segunda y tercera ven\u00edan con direcci\u00f3n oeste y pas\u00f3 por Ciudad pero fue precipitaci\u00f3n de agua y no hubo problema con los desagotes. En los desagotes creemos que no hubo problemas ya que no hubo llamados durante la madrugada\u00bb.<\/strong><\/em><\/span><\/p>\n<h5><span style=\"color: #000000;\"><strong>\u2022L.A.<\/strong><\/span><\/h5>\n","protected":false},"excerpt":{"rendered":"<p>Las tormentas del pasado mi\u00e9rcoles por la noche afectaron con granizo de tama\u00f1o mediano en la zona de La Escandinava. Seg\u00fan &#8230;<\/p>\n","protected":false},"author":7,"featured_media":100489,"comment_status":"open","ping_status":"open","sticky":false,"template":"","format":"standard","meta":{"footnotes":""},"categories":[5,51],"tags":[],"class_list":["post-100473","post","type-post","status-publish","format-standard","has-post-thumbnail","hentry","category-actualidad","category-defensa-civil"],"_links":{"self":[{"href":"https:\/\/vinasfm.com\/noticias\/wp-json\/wp\/v2\/posts\/100473","targetHints":{"allow":["GET"]}}],"collection":[{"href":"https:\/\/vinasfm.com\/noticias\/wp-json\/wp\/v2\/posts"}],"about":[{"href":"https:\/\/vinasfm.com\/noticias\/wp-json\/wp\/v2\/types\/post"}],"author":[{"embeddable":true,"href":"https:\/\/vinasfm.com\/noticias\/wp-json\/wp\/v2\/users\/7"}],"replies":[{"embeddable":true,"href":"https:\/\/vinasfm.com\/noticias\/wp-json\/wp\/v2\/comments?post=100473"}],"version-history":[{"count":6,"href":"https:\/\/vinasfm.com\/noticias\/wp-json\/wp\/v2\/posts\/100473\/revisions"}],"predecessor-version":[{"id":100521,"href":"https:\/\/vinasfm.com\/noticias\/wp-json\/wp\/v2\/posts\/100473\/revisions\/100521"}],"wp:featuredmedia":[{"embeddable":true,"href":"https:\/\/vinasfm.com\/noticias\/wp-json\/wp\/v2\/media\/100489"}],"wp:attachment":[{"href":"https:\/\/vinasfm.com\/noticias\/wp-json\/wp\/v2\/media?parent=100473"}],"wp:term":[{"taxonomy":"category","embeddable":true,"href":"https:\/\/vinasfm.com\/noticias\/wp-json\/wp\/v2\/categories?post=100473"},{"taxonomy":"post_tag","embeddable":true,"href":"https:\/\/vinasfm.com\/noticias\/wp-json\/wp\/v2\/tags?post=100473"}],"curies":[{"name":"wp","href":"https:\/\/api.w.org\/{rel}","templated":true}]}}