{"id":100471,"date":"2021-11-03T09:06:09","date_gmt":"2021-11-03T12:06:09","guid":{"rendered":"http:\/\/vinasfm.com\/noticias\/?p=100471"},"modified":"2021-11-05T10:33:05","modified_gmt":"2021-11-05T13:33:05","slug":"coronavirus-en-mendoza-11-nuevos-casos-y-un-fallecimiento","status":"publish","type":"post","link":"https:\/\/vinasfm.com\/noticias\/coronavirus-en-mendoza-11-nuevos-casos-y-un-fallecimiento\/","title":{"rendered":"CORONAVIRUS EN MENDOZA: 11 NUEVOS CASOS Y UN FALLECIMIENTO"},"content":{"rendered":"<h4><span style=\"color: #000000;\"><strong>El Gobierno de Mendoza, a trav\u00e9s del Ministerio de Salud, Desarrollo Social y Deportes, informa las cantidades de personas positivas, recuperadas y fallecidas por COVID-19. Tambi\u00e9n se comunican las cantidades de PCR y test de ant\u00edgenos realizados en las \u00faltimas 24 horas.<\/strong><\/span><\/h4>\n<p><span style=\"color: #000000;\">Los datos se desprenden del <strong>Sistema Integrado de Informaci\u00f3n Sanitaria Argentina (SISA)<\/strong>, los cuales son proporcionados por los hospitales, centros de salud y establecimientos de aislamiento extrahospitalarios de la provincia.\u00a0<strong>Se informa\u00a0la\u00a0recuperaci\u00f3n de 7 pacientes con COVID-19.<\/strong><\/span><\/p>\n<p><span style=\"color: #000000;\">Asimismo, la Red de Laboratorios del Ministerio de Salud, Desarrollo Social y Deportes de la Provincia inform\u00f3 que entre las \u00faltimas horas de ayer y hoy\u00a0<strong>se\u00a0procesaron 844 determinaciones:<\/strong><\/span><\/p>\n<ul>\n<li><span style=\"color: #000000;\"><strong>833 fueron negativas.<\/strong><\/span><\/li>\n<li><span style=\"color: #000000;\"><strong>11 nuevos casos positivos.<\/strong>\u00a0<\/span><\/li>\n<\/ul>\n<p><span style=\"color: #000000;\">En cuanto a la cantidad de\u00a0<strong>fallecidos<\/strong>, se reportaron:<\/span><\/p>\n<ul>\n<li><span style=\"color: #000000;\"><strong>0 en las \u00faltimas 48 horas.<\/strong><\/span><\/li>\n<li><span style=\"color: #000000;\"><strong>1 seg\u00fan la carga en SISA, reportados con fechas anteriores.<\/strong><\/span><\/li>\n<\/ul>\n<p><span style=\"color: #000000;\">La provincia de\u00a0<strong>Mendoza registra al d\u00eda de hoy<\/strong>:<\/span><\/p>\n<ul>\n<li><span style=\"color: #000000;\"><strong>165.344 casos positivos confirmados COVID-19.<\/strong><\/span><\/li>\n<li><span style=\"color: #000000;\"><strong>160.275 personas recuperadas COVID-19.<\/strong><\/span><\/li>\n<li><span style=\"color: #000000;\"><strong>4.622 fallecimientos por COVID-19.<\/strong><\/span><\/li>\n<\/ul>\n","protected":false},"excerpt":{"rendered":"<p>El Gobierno de Mendoza, a trav\u00e9s del Ministerio de Salud, Desarrollo Social y Deportes, informa las cantidades de personas positivas, recuperadas &#8230;<\/p>\n","protected":false},"author":8,"featured_media":67225,"comment_status":"open","ping_status":"open","sticky":false,"template":"","format":"standard","meta":{"footnotes":""},"categories":[5,62],"tags":[],"class_list":["post-100471","post","type-post","status-publish","format-standard","has-post-thumbnail","hentry","category-actualidad","category-coronavirus"],"_links":{"self":[{"href":"https:\/\/vinasfm.com\/noticias\/wp-json\/wp\/v2\/posts\/100471","targetHints":{"allow":["GET"]}}],"collection":[{"href":"https:\/\/vinasfm.com\/noticias\/wp-json\/wp\/v2\/posts"}],"about":[{"href":"https:\/\/vinasfm.com\/noticias\/wp-json\/wp\/v2\/types\/post"}],"author":[{"embeddable":true,"href":"https:\/\/vinasfm.com\/noticias\/wp-json\/wp\/v2\/users\/8"}],"replies":[{"embeddable":true,"href":"https:\/\/vinasfm.com\/noticias\/wp-json\/wp\/v2\/comments?post=100471"}],"version-history":[{"count":2,"href":"https:\/\/vinasfm.com\/noticias\/wp-json\/wp\/v2\/posts\/100471\/revisions"}],"predecessor-version":[{"id":100475,"href":"https:\/\/vinasfm.com\/noticias\/wp-json\/wp\/v2\/posts\/100471\/revisions\/100475"}],"wp:featuredmedia":[{"embeddable":true,"href":"https:\/\/vinasfm.com\/noticias\/wp-json\/wp\/v2\/media\/67225"}],"wp:attachment":[{"href":"https:\/\/vinasfm.com\/noticias\/wp-json\/wp\/v2\/media?parent=100471"}],"wp:term":[{"taxonomy":"category","embeddable":true,"href":"https:\/\/vinasfm.com\/noticias\/wp-json\/wp\/v2\/categories?post=100471"},{"taxonomy":"post_tag","embeddable":true,"href":"https:\/\/vinasfm.com\/noticias\/wp-json\/wp\/v2\/tags?post=100471"}],"curies":[{"name":"wp","href":"https:\/\/api.w.org\/{rel}","templated":true}]}}