{"id":100439,"date":"2021-11-04T00:01:18","date_gmt":"2021-11-04T03:01:18","guid":{"rendered":"http:\/\/vinasfm.com\/noticias\/?p=100439"},"modified":"2021-11-05T10:49:14","modified_gmt":"2021-11-05T13:49:14","slug":"inseguridad-robaron-60-000-en-una-vivienda-del-b-docente","status":"publish","type":"post","link":"https:\/\/vinasfm.com\/noticias\/inseguridad-robaron-60-000-en-una-vivienda-del-b-docente\/","title":{"rendered":"INSEGURIDAD: ROBARON $60.000 EN UNA VIVIENDA DEL B\u00b0 DOCENTE"},"content":{"rendered":"<h4><span style=\"color: #000000;\"><strong>En horas de la madrugada de este mi\u00e9rcoles, delincuentes ingresaron a una vivienda en el Barrio Docente de Ciudad mientras sus propietarios descansaban y se apoderaron de dos mochilas conteniendo $60.000 y documentaci\u00f3n personal.<\/strong><\/span><\/h4>\n<p><span style=\"color: #000000;\">El hecho ocurri\u00f3 en un domicilio de\u00a0<strong>calle Ricardo Petersen<\/strong>, lugar que alquilan\u00a0<strong>Luis Calder\u00f3n<\/strong>\u00a0y\u00a0<strong>Aurora Aranda,<\/strong>\u00a0ambos empleados de comercio. En di\u00e1logo con\u00a0<strong>F.M. VI\u00d1AS<\/strong>\u00a0Luis coment\u00f3: \u2018<strong><em>Nosotros dorm\u00edamos mientras estas personas ingresaron abriendo el port\u00f3n del frente y luego de da\u00f1ar la reja de la ventana del comedor agarraron las dos mochilas que estaban sobre un ba\u00fal<\/em><\/strong>\u2018.<\/span><\/p>\n<p><span style=\"color: #000000;\">\u2018<strong><em>Ambos trabajamos el d\u00eda a d\u00eda como cualquier persona de bien y esto realmente nos golpea duro porque tendremos un mes largo ya que ten\u00edamos cosas que pagar y con esto nos complican<\/em><\/strong>\u2018, subray\u00f3 el vecino, quien se\u00f1al\u00f3 que adem\u00e1s de los $60.000, en las mochilas hab\u00edan\u00a0<strong>tarjetas de cr\u00e9dito, documentaci\u00f3n personal<\/strong>\u00a0y\u00a0<strong>de su veh\u00edculo particular<\/strong>.<\/span><\/p>\n<p><span style=\"color: #000000;\">\u2018<strong><em>Cuando nos levantamos nos encontramos con este panorama por lo que llamamos a la Polic\u00eda, quienes estuvieron trabajando pero al momento no se sabe nada sobre quienes pueden haber sido<\/em><\/strong>\u2018, relat\u00f3 Luis, quien descarta la posibilidad de que los malvivientes hayan tenido datos sobre el dinero con el que contaban los damnificados.<\/span><\/p>\n<p><span style=\"color: #000000;\">\u2018<strong><em>Lo que tenemos, que no es mucho, nos cuesta mucho tenerlo porque somos trabajadores por eso le digo a quien se llev\u00f3 nuestras cosas que reflexione y busque otra alternativa para vivir sin afectar la vida de los dem\u00e1s<\/em><\/strong>\u2018, reflexion\u00f3 Calder\u00f3n.<\/span><\/p>\n<p><span style=\"color: #000000;\">Consultado sobre v\u00edas de comunicaci\u00f3n para que aquellos que encuentran o tengan informaci\u00f3n sobre el paradero de lo sustra\u00eddo, pidi\u00f3 que se comuniquen al\u00a0<strong>2625-459650<\/strong>\u00a0o al\u00a0<strong>2625-5223276.<\/strong><\/span><\/p>\n<h5><span style=\"color: #000000;\">\u2022F.B. (F.M. Vi\u00f1as).<\/span><\/h5>\n","protected":false},"excerpt":{"rendered":"<p>En horas de la madrugada de este mi\u00e9rcoles, delincuentes ingresaron a una vivienda en el Barrio Docente de Ciudad mientras sus &#8230;<\/p>\n","protected":false},"author":8,"featured_media":63435,"comment_status":"open","ping_status":"open","sticky":false,"template":"","format":"standard","meta":{"footnotes":""},"categories":[5,4],"tags":[],"class_list":["post-100439","post","type-post","status-publish","format-standard","has-post-thumbnail","hentry","category-actualidad","category-policiales"],"_links":{"self":[{"href":"https:\/\/vinasfm.com\/noticias\/wp-json\/wp\/v2\/posts\/100439","targetHints":{"allow":["GET"]}}],"collection":[{"href":"https:\/\/vinasfm.com\/noticias\/wp-json\/wp\/v2\/posts"}],"about":[{"href":"https:\/\/vinasfm.com\/noticias\/wp-json\/wp\/v2\/types\/post"}],"author":[{"embeddable":true,"href":"https:\/\/vinasfm.com\/noticias\/wp-json\/wp\/v2\/users\/8"}],"replies":[{"embeddable":true,"href":"https:\/\/vinasfm.com\/noticias\/wp-json\/wp\/v2\/comments?post=100439"}],"version-history":[{"count":2,"href":"https:\/\/vinasfm.com\/noticias\/wp-json\/wp\/v2\/posts\/100439\/revisions"}],"predecessor-version":[{"id":100442,"href":"https:\/\/vinasfm.com\/noticias\/wp-json\/wp\/v2\/posts\/100439\/revisions\/100442"}],"wp:featuredmedia":[{"embeddable":true,"href":"https:\/\/vinasfm.com\/noticias\/wp-json\/wp\/v2\/media\/63435"}],"wp:attachment":[{"href":"https:\/\/vinasfm.com\/noticias\/wp-json\/wp\/v2\/media?parent=100439"}],"wp:term":[{"taxonomy":"category","embeddable":true,"href":"https:\/\/vinasfm.com\/noticias\/wp-json\/wp\/v2\/categories?post=100439"},{"taxonomy":"post_tag","embeddable":true,"href":"https:\/\/vinasfm.com\/noticias\/wp-json\/wp\/v2\/tags?post=100439"}],"curies":[{"name":"wp","href":"https:\/\/api.w.org\/{rel}","templated":true}]}}