{"id":100406,"date":"2021-11-03T00:01:42","date_gmt":"2021-11-03T03:01:42","guid":{"rendered":"http:\/\/vinasfm.com\/noticias\/?p=100406"},"modified":"2021-11-03T10:54:55","modified_gmt":"2021-11-03T13:54:55","slug":"sebastian-garay-campeon-2021-de-la-liga-de-adultos-de-ajedrez","status":"publish","type":"post","link":"https:\/\/vinasfm.com\/noticias\/sebastian-garay-campeon-2021-de-la-liga-de-adultos-de-ajedrez\/","title":{"rendered":"SEBASTI\u00c1N GARAY, CAMPE\u00d3N 2021 DE LA LIGA DE ADULTOS DE AJEDREZ"},"content":{"rendered":"<h4 style=\"font-weight: 400;\"><strong><span style=\"color: #000000;\">Este s\u00e1bado, de manera virtual, sobre la plataforma\u00a0<a style=\"color: #000000;\" href=\"http:\/\/www.lichess.org\/\">www.lichess.org<\/a>, se disput\u00f3 el vig\u00e9simo quinto y \u00faltimo de los torneos v\u00e1lidos para la liga de Adultos.<\/span><\/strong><\/h4>\n<p style=\"font-weight: 400;\"><span style=\"color: #000000;\">El joven, que tambi\u00e9n se destaca como futbolista, gan\u00f3 de manera invicta y termin\u00f3 de la mejor manera posible, la liga 2021, en la que ya se hab\u00eda consagrado Campe\u00f3n, tres torneos antes del cierre.<\/span><\/p>\n<p style=\"font-weight: 400;\"><span style=\"color: #000000;\">A un punto del l\u00edder, qued\u00f3 el <strong>Profesor Sebasti\u00e1n Lieby<\/strong>, que fue derrotado s\u00f3lo por Garay, y tambi\u00e9n qued\u00f3 en el segundo lugar de la Liga.<\/span><\/p>\n<p><span style=\"color: #000000;\">En el tercer escal\u00f3n, termin\u00f3 el Alvearense radicado en Mendoza desde hace a\u00f1os, <strong>Mariano Garc\u00eda<\/strong>, que s\u00f3lo cay\u00f3 con los 2 punteros.<\/span><\/p>\n<p style=\"font-weight: 400;\"><span style=\"color: #000000;\"><b><strong>Principales Posiciones \u2013 25\u00ba Torneo de Adultos:<\/strong><\/b><\/span><\/p>\n<p style=\"font-weight: 400;\"><span style=\"color: #000000;\"><b><strong>1\u00ba\u00a0<\/strong><\/b>Sebasti\u00e1n Garay<b><strong>\u00a05 Pts<\/strong><\/b><\/span><\/p>\n<p style=\"font-weight: 400;\"><span style=\"color: #000000;\"><b><strong>2\u00ba\u00a0<\/strong><\/b>Sebasti\u00e1n Lieby\u00a0<b><strong>4 Pts<\/strong><\/b><\/span><\/p>\n<p style=\"font-weight: 400;\"><span style=\"color: #000000;\"><b><strong>3\u00ba\u00a0<\/strong><\/b>Mariano Garc\u00eda<b><strong>\u00a03 Pts<\/strong><\/b><\/span><\/p>\n<p style=\"font-weight: 400;\"><span style=\"color: #000000;\"><b><strong>4\u00ba\u00a0<\/strong><\/b>Juan Jos\u00e9 Rubio<b><strong>\u00a02 Pts<\/strong><\/b><\/span><\/p>\n<p style=\"font-weight: 400;\"><span style=\"color: #000000;\"><b><strong>5\u00ba\u00a0<\/strong><\/b>Manuel Picco<b><strong>\u00a01 Pt<\/strong><\/b><\/span><\/p>\n<p style=\"font-weight: 400;\"><span style=\"color: #000000;\"><b><strong>6\u00ba\u00a0<\/strong><\/b>Ricardo Mod\u00f3n<b><strong>\u00a01 Pt<\/strong><\/b><\/span><\/p>\n<p style=\"font-weight: 400;\"><span style=\"color: #000000;\">En cuanto a la tabla general de la liga, Sebasti\u00e1n Garay, result\u00f3 Campe\u00f3n de manera indiscutida y ya se encuentra clasificado al Octogonal Final Departamental, que todav\u00eda se encuentra sin fecha de inicio.<\/span><\/p>\n<p style=\"font-weight: 400;\"><span style=\"color: #000000;\">En segundo lugar termin\u00f3 Sebasti\u00e1n Lieby, uno de los ganadores del a\u00f1o anterior, que ahora deber\u00e1 disputar un clasificatorio para ingresar al Octogonal.<\/span><\/p>\n<p style=\"font-weight: 400;\"><span style=\"color: #000000;\">Tercero finaliz\u00f3 el Campe\u00f3n departamental vigente y tambi\u00e9n Campe\u00f3n de la liga del 2020, el ingeniero Roberto Ru\u00edz.<\/span><\/p>\n<p style=\"font-weight: 400;\"><span style=\"color: #000000;\">Tambi\u00e9n tienen plazas para el Clasificatorio, Juan Jos\u00e9 Rubio y Ricardo Mod\u00f3n.<\/span><\/p>\n<p style=\"font-weight: 400;\"><span style=\"color: #000000;\"><b><strong>Principales Posiciones \u2013 Liga departamental de Adultos (jugados los 25 torneos que la componen):<\/strong><\/b><\/span><\/p>\n<p style=\"font-weight: 400;\"><span style=\"color: #000000;\"><b><strong>1\u00ba\u00a0<\/strong><\/b>Sebasti\u00e1n Garay<b><strong>\u00a0288 Pts<\/strong><\/b><\/span><\/p>\n<p style=\"font-weight: 400;\"><span style=\"color: #000000;\"><b><strong>2\u00ba\u00a0<\/strong><\/b>Sebasti\u00e1n Lieby<b><strong>\u00a0252 Pts<\/strong><\/b><\/span><\/p>\n<p style=\"font-weight: 400;\"><span style=\"color: #000000;\"><b><strong>3\u00ba\u00a0<\/strong><\/b>Roberto Ru\u00edz<b><strong>\u00a0231 Pts<\/strong><\/b><\/span><\/p>\n<p style=\"font-weight: 400;\"><span style=\"color: #000000;\"><b><strong>4\u00ba\u00a0<\/strong><\/b>Juan Jos\u00e9 Rubio<b><strong>\u00a0215 Pts<\/strong><\/b><\/span><\/p>\n<p style=\"font-weight: 400;\"><span style=\"color: #000000;\"><b><strong>5\u00ba\u00a0<\/strong><\/b>Ricardo Mod\u00f3n<b><strong>\u00a0113 Pts<\/strong><\/b><\/span><\/p>\n<p style=\"font-weight: 400;\"><span style=\"color: #000000;\"><b><strong>6\u00ba\u00a0<\/strong><\/b>Leandro Demonte<b><strong>\u00a098 Pts<\/strong><\/b><\/span><\/p>\n<p style=\"font-weight: 400;\"><span style=\"color: #000000;\"><b><strong>7\u00ba\u00a0<\/strong><\/b>Cristian Orozco<b><strong>\u00a094 Pts<\/strong><\/b><\/span><\/p>\n<p style=\"font-weight: 400;\"><span style=\"color: #000000;\"><b><strong>8\u00ba\u00a0<\/strong><\/b>Manuel Picco<b><strong>\u00a089 Pts<\/strong><\/b><\/span><\/p>\n<p style=\"font-weight: 400;\"><span style=\"color: #000000;\"><b><strong>9\u00ba\u00a0<\/strong><\/b>Mariano Garc\u00eda<b><strong>\u00a070 Pts<\/strong><\/b><\/span><\/p>\n<p style=\"font-weight: 400;\"><span style=\"color: #000000;\"><b><strong>10\u00ba\u00a0<\/strong><\/b>Lucas Arenas<b><strong>\u00a044 Pts<\/strong><\/b><\/span><\/p>\n<p style=\"font-weight: 400;\"><span style=\"color: #000000;\"><b><strong>11\u00ba\u00a0<\/strong><\/b>Daniel Freites<b><strong>\u00a039 Pts<\/strong><\/b><\/span><\/p>\n<p style=\"font-weight: 400;\"><span style=\"color: #000000;\"><b><strong>12\u00ba\u00a0<\/strong><\/b>Nahuel Villegas<b><strong>\u00a038 Pts<\/strong><\/b><\/span><\/p>\n<p style=\"font-weight: 400;\"><span style=\"color: #000000;\"><b><strong>13\u00ba\u00a0<\/strong><\/b>Carlos Villegas<b><strong>\u00a023 Pts<\/strong><\/b><\/span><\/p>\n<p style=\"font-weight: 400;\"><span style=\"color: #000000;\"><b><strong>14\u00ba\u00a0<\/strong><\/b>Cristian Martina<b><strong>\u00a015 Pts<\/strong><\/b><\/span><\/p>\n<p style=\"font-weight: 400;\"><span style=\"color: #000000;\"><b><strong>15\u00ba\u00a0<\/strong><\/b>Agust\u00edn Cuello<b><strong>\u00a015 Pts<\/strong><\/b><\/span><\/p>\n<p style=\"font-weight: 400;\"><span style=\"color: #000000;\"><b><strong>16\u00ba\u00a0<\/strong><\/b>Marcelo Ben\u00edtez<b><strong>\u00a011 Pts<\/strong><\/b><\/span><\/p>\n<p style=\"font-weight: 400;\"><span style=\"color: #000000;\"><b><strong>17\u00ba\u00a0<\/strong><\/b>Davide Mariani<b><strong>\u00a08 Pts<\/strong><\/b><\/span><\/p>\n<p style=\"font-weight: 400;\"><span style=\"color: #000000;\"><b><strong>18\u00ba\u00a0<\/strong><\/b>Enzo Balderrama<b><strong>\u00a08 Pts<\/strong><\/b><\/span><\/p>\n<p style=\"font-weight: 400;\"><span style=\"color: #000000;\"><b><strong>19\u00ba\u00a0<\/strong><\/b>N\u00e9stor Martini<b><strong>\u00a05 Pts<\/strong><\/b><\/span><\/p>\n<p style=\"font-weight: 400;\"><span style=\"color: #000000;\"><b><strong>20\u00ba\u00a0<\/strong><\/b>Rom\u00e1n Rubio<b><strong>\u00a05 Pts<\/strong><\/b><\/span><\/p>\n<p style=\"font-weight: 400;\"><span style=\"color: #000000;\"><b><strong>21\u00ba\u00a0<\/strong><\/b>Diego Reyes<b><strong>\u00a02 Pts<\/strong><\/b><\/span><\/p>\n","protected":false},"excerpt":{"rendered":"<p>Este s\u00e1bado, de manera virtual, sobre la plataforma\u00a0www.lichess.org, se disput\u00f3 el vig\u00e9simo quinto y \u00faltimo de los torneos v\u00e1lidos para la &#8230;<\/p>\n","protected":false},"author":8,"featured_media":100409,"comment_status":"open","ping_status":"open","sticky":false,"template":"","format":"standard","meta":{"footnotes":""},"categories":[5,3],"tags":[],"class_list":["post-100406","post","type-post","status-publish","format-standard","has-post-thumbnail","hentry","category-actualidad","category-deportes"],"_links":{"self":[{"href":"https:\/\/vinasfm.com\/noticias\/wp-json\/wp\/v2\/posts\/100406","targetHints":{"allow":["GET"]}}],"collection":[{"href":"https:\/\/vinasfm.com\/noticias\/wp-json\/wp\/v2\/posts"}],"about":[{"href":"https:\/\/vinasfm.com\/noticias\/wp-json\/wp\/v2\/types\/post"}],"author":[{"embeddable":true,"href":"https:\/\/vinasfm.com\/noticias\/wp-json\/wp\/v2\/users\/8"}],"replies":[{"embeddable":true,"href":"https:\/\/vinasfm.com\/noticias\/wp-json\/wp\/v2\/comments?post=100406"}],"version-history":[{"count":2,"href":"https:\/\/vinasfm.com\/noticias\/wp-json\/wp\/v2\/posts\/100406\/revisions"}],"predecessor-version":[{"id":100411,"href":"https:\/\/vinasfm.com\/noticias\/wp-json\/wp\/v2\/posts\/100406\/revisions\/100411"}],"wp:featuredmedia":[{"embeddable":true,"href":"https:\/\/vinasfm.com\/noticias\/wp-json\/wp\/v2\/media\/100409"}],"wp:attachment":[{"href":"https:\/\/vinasfm.com\/noticias\/wp-json\/wp\/v2\/media?parent=100406"}],"wp:term":[{"taxonomy":"category","embeddable":true,"href":"https:\/\/vinasfm.com\/noticias\/wp-json\/wp\/v2\/categories?post=100406"},{"taxonomy":"post_tag","embeddable":true,"href":"https:\/\/vinasfm.com\/noticias\/wp-json\/wp\/v2\/tags?post=100406"}],"curies":[{"name":"wp","href":"https:\/\/api.w.org\/{rel}","templated":true}]}}