{"id":100401,"date":"2021-11-03T08:10:04","date_gmt":"2021-11-03T11:10:04","guid":{"rendered":"http:\/\/vinasfm.com\/noticias\/?p=100401"},"modified":"2021-11-03T20:07:50","modified_gmt":"2021-11-03T23:07:50","slug":"alerta-de-viento-zonda-y-tormentas-fuertes-en-el-sur-mendocino","status":"publish","type":"post","link":"https:\/\/vinasfm.com\/noticias\/alerta-de-viento-zonda-y-tormentas-fuertes-en-el-sur-mendocino\/","title":{"rendered":"ALERTA DE VIENTO ZONDA Y TORMENTAS FUERTES EN EL SUR MENDOCINO"},"content":{"rendered":"<h4><strong><span style=\"color: #000000;\">Para este mi\u00e9rcoles se pronostica buen tiempo con aumento de la temperatura. Seg\u00fan el Servicio Meteorol\u00f3gico Nacional (SMN) se espera viento Zonda en Malarg\u00fce y tormentas fuertes en San Rafael y General Alvear.<\/span><\/strong><\/h4>\n<p><span style=\"color: #000000;\">El SMN emiti\u00f3 una alerta amarilla por tormentas en que indica:\u00a0<i>&#8216;<strong>El \u00e1rea ser\u00e1 afectada por lluvias y tormentas, algunas localmente fuertes acompa\u00f1adas de granizo, r\u00e1fagas, y abundante ca\u00edda de agua en cortos periodos. Se esperan valores de precipitaci\u00f3n acumulada entre 5 y 20 mm. para la zona comprendida por Mendoza y San Luis; y entre 15 y 40 mm. para la zona que abarca a Tucum\u00e1n, Salta y Jujuy<\/strong>&#8216;.<\/i><\/span><\/p>\n<div id=\"attachment_100402\" style=\"width: 272px\" class=\"wp-caption alignleft\"><a href=\"http:\/\/vinasfm.com\/noticias\/wp-content\/uploads\/2021\/11\/252375215_2047902778701827_1324663089971706021_n.jpg\"><img loading=\"lazy\" decoding=\"async\" aria-describedby=\"caption-attachment-100402\" class=\" wp-image-100402\" src=\"http:\/\/vinasfm.com\/noticias\/wp-content\/uploads\/2021\/11\/252375215_2047902778701827_1324663089971706021_n.jpg\" alt=\"\" width=\"272\" height=\"272\" srcset=\"https:\/\/vinasfm.com\/noticias\/wp-content\/uploads\/2021\/11\/252375215_2047902778701827_1324663089971706021_n.jpg 1132w, https:\/\/vinasfm.com\/noticias\/wp-content\/uploads\/2021\/11\/252375215_2047902778701827_1324663089971706021_n-300x300.jpg 300w, https:\/\/vinasfm.com\/noticias\/wp-content\/uploads\/2021\/11\/252375215_2047902778701827_1324663089971706021_n-1024x1024.jpg 1024w, https:\/\/vinasfm.com\/noticias\/wp-content\/uploads\/2021\/11\/252375215_2047902778701827_1324663089971706021_n-150x150.jpg 150w, https:\/\/vinasfm.com\/noticias\/wp-content\/uploads\/2021\/11\/252375215_2047902778701827_1324663089971706021_n-768x769.jpg 768w, https:\/\/vinasfm.com\/noticias\/wp-content\/uploads\/2021\/11\/252375215_2047902778701827_1324663089971706021_n-360x360.jpg 360w, https:\/\/vinasfm.com\/noticias\/wp-content\/uploads\/2021\/11\/252375215_2047902778701827_1324663089971706021_n-750x750.jpg 750w\" sizes=\"auto, (max-width: 272px) 100vw, 272px\" \/><\/a><p id=\"caption-attachment-100402\" class=\"wp-caption-text\">Comunicado de Defensa Civil.<\/p><\/div>\n<p><span style=\"color: #000000;\">Para <strong>General Alvear<\/strong> se prev\u00e9 cielo parcialmente nublado con probabilidad de tormentas fuertes por la noche y madrugada con r\u00e1fagas de viento, la m\u00e1xima llegar\u00e1 a los 30\u00baC con vientos del Sureste.<\/span><\/p>\n<p><span style=\"color: #000000;\">En <strong>San Rafael<\/strong> espera cielo parcialmente nublado con aumento de la temperatura, por la noche y madrugada probabilidad de tormentas fuertes con r\u00e1fagas de viento, la m\u00e1xima ser\u00e1 de 30\u00baC con viento del Norte Sureste.<\/span><\/p>\n<p><span style=\"color: #000000;\">En <strong>Malarg\u00fce<\/strong> se pronostica tiempo ventoso con cielo parcialmente nublado, la m\u00e1xima rondar\u00e1 en los 26\u00baC con vientos del Oeste, por la tarde r\u00e1fagas de viento que alcanzar\u00e1n los 70- 78 km\/h. El SMN emiti\u00f3 una alerta amarilla por viento en esta zona:<\/span><\/p>\n<p><span style=\"color: #000000;\"><i>&#8216;<strong>El \u00e1rea ser\u00e1 afectada por viento Zonda con intensidades que oscilar\u00e1n entre 35 y 50 km\/h con r\u00e1fagas que pueden alcanzar 70 km\/h. Este fen\u00f3meno puede provocar reducci\u00f3n de la visibilidad, un repentino aumento de temperaturas y condiciones muy secas<\/strong>&#8216;.<\/i><\/span><\/p>\n","protected":false},"excerpt":{"rendered":"<p>Para este mi\u00e9rcoles se pronostica buen tiempo con aumento de la temperatura. Seg\u00fan el Servicio Meteorol\u00f3gico Nacional (SMN) se espera viento &#8230;<\/p>\n","protected":false},"author":8,"featured_media":3720,"comment_status":"open","ping_status":"open","sticky":false,"template":"","format":"standard","meta":{"footnotes":""},"categories":[5,36],"tags":[],"class_list":["post-100401","post","type-post","status-publish","format-standard","has-post-thumbnail","hentry","category-actualidad","category-pronostico"],"_links":{"self":[{"href":"https:\/\/vinasfm.com\/noticias\/wp-json\/wp\/v2\/posts\/100401","targetHints":{"allow":["GET"]}}],"collection":[{"href":"https:\/\/vinasfm.com\/noticias\/wp-json\/wp\/v2\/posts"}],"about":[{"href":"https:\/\/vinasfm.com\/noticias\/wp-json\/wp\/v2\/types\/post"}],"author":[{"embeddable":true,"href":"https:\/\/vinasfm.com\/noticias\/wp-json\/wp\/v2\/users\/8"}],"replies":[{"embeddable":true,"href":"https:\/\/vinasfm.com\/noticias\/wp-json\/wp\/v2\/comments?post=100401"}],"version-history":[{"count":1,"href":"https:\/\/vinasfm.com\/noticias\/wp-json\/wp\/v2\/posts\/100401\/revisions"}],"predecessor-version":[{"id":100403,"href":"https:\/\/vinasfm.com\/noticias\/wp-json\/wp\/v2\/posts\/100401\/revisions\/100403"}],"wp:featuredmedia":[{"embeddable":true,"href":"https:\/\/vinasfm.com\/noticias\/wp-json\/wp\/v2\/media\/3720"}],"wp:attachment":[{"href":"https:\/\/vinasfm.com\/noticias\/wp-json\/wp\/v2\/media?parent=100401"}],"wp:term":[{"taxonomy":"category","embeddable":true,"href":"https:\/\/vinasfm.com\/noticias\/wp-json\/wp\/v2\/categories?post=100401"},{"taxonomy":"post_tag","embeddable":true,"href":"https:\/\/vinasfm.com\/noticias\/wp-json\/wp\/v2\/tags?post=100401"}],"curies":[{"name":"wp","href":"https:\/\/api.w.org\/{rel}","templated":true}]}}