{"id":100390,"date":"2021-11-03T00:01:40","date_gmt":"2021-11-03T03:01:40","guid":{"rendered":"http:\/\/vinasfm.com\/noticias\/?p=100390"},"modified":"2021-11-03T10:07:12","modified_gmt":"2021-11-03T13:07:12","slug":"mendoza-avanza-en-la-creacion-de-un-cluster-de-energia-renovable","status":"publish","type":"post","link":"https:\/\/vinasfm.com\/noticias\/mendoza-avanza-en-la-creacion-de-un-cluster-de-energia-renovable\/","title":{"rendered":"MENDOZA AVANZA EN LA CREACI\u00d3N DE UN CL\u00daSTER DE ENERG\u00cdA RENOVABLE"},"content":{"rendered":"<h4><span style=\"color: #000000;\"><strong>El Gobierno de Mendoza avanza en las acciones para crear un Cl\u00faster de Energ\u00eda Renovable, con el objetivo de reunir a las pymes y empresas, generar una marca unificada para comercio, exportaciones e importaciones y encarar acciones educativas que permitan a los ciudadanos trabajar en un sector que tiene cada vez m\u00e1s demanda.<\/strong><\/span><\/h4>\n<p><span style=\"color: #000000;\">En los \u00faltimos a\u00f1os, Mendoza ha liderado la transformaci\u00f3n energ\u00e9tica desde el Estado, con instalaci\u00f3n de paneles solares en edificios p\u00fablicos, construcci\u00f3n de parques solares en el Este, instalaci\u00f3n de paneles para agricultura y ganader\u00eda y peque\u00f1os aprovechamientos hidroel\u00e9ctricos que utilizan el curso de r\u00edos y canales.<\/span><\/p>\n<p><span style=\"color: #000000;\">Hoy da un paso m\u00e1s hacia la creaci\u00f3n de una entidad que re\u00fana a las decenas de pymes que trabajan con tecnolog\u00eda verde y con paneles solares, en una provincia que, por su clima, es una de las de mayor potencial del pa\u00eds.<\/span><\/p>\n<p><span style=\"color: #000000;\"><strong><em>\u201cCon una Marca Mendoza, un cl\u00faster y el acompa\u00f1amiento del Gobierno podemos encarar acciones conjuntas para la venta, la exportaci\u00f3n, la importaci\u00f3n y otras acciones como optimizaci\u00f3n en costos\u201d<\/em><\/strong>, afirm\u00f3 Federico Mor\u00e1bito,\u00a0Director de Innovaci\u00f3n y Desarrollo Econ\u00f3mica del Ministerio de Econom\u00eda y Energ\u00eda.<\/span><\/p>\n<p><span style=\"color: #000000;\">\u201c<strong><em>Hay pocas provincias que tienen la cantidad de empresas de energ\u00eda renovable como Mendoza<\/em><\/strong>\u201d, se\u00f1al\u00f3 el funcionario. \u201c<strong><em>La constituci\u00f3n de un cl\u00faster ayudar\u00e1 al posicionamiento de la provincia en el pa\u00eds y en el mundo<\/em><\/strong>\u201d.<\/span><\/p>\n<p><span style=\"color: #000000;\">\u201c<strong><em>Con las empresas reunidas en una instituci\u00f3n es m\u00e1s f\u00e1cil dise\u00f1ar pol\u00edticas de fomento, de organizaci\u00f3n y de incentivos<\/em><\/strong>\u201d, se\u00f1al\u00f3 por su parte\u00a0Alejandro Zlotolow, subsecretario de Industria y Comercio del Gobierno de Mendoza.<\/span><\/p>\n<p><span style=\"color: #000000;\">\u201c<strong><em>Es una iniciativa para que se entienda que Mendoza es una provincia de vanguardia en energ\u00edas renovables<\/em><\/strong>\u201d, agreg\u00f3\u00a0Zlotolow<em>. <\/em>\u201cMendoza es tierra del sol, del buen vino y de la econom\u00eda del conocimiento y la innovaci\u00f3n\u201d.<\/span><\/p>\n<p><span style=\"color: #000000;\">\u00a0De esta primera reuni\u00f3n con Mor\u00e1bito y\u00a0Zlotolow participaron pymes del sector como Solh\u00e9, que construye sistemas solares; Solar Mendoza, empresa de soluciones en proyectos fotovoltaicos\u00a0y Big Data Solar, proveedor de energ\u00eda ecol\u00f3gica.<\/span><\/p>\n<p><span style=\"color: #000000;\">Dentro de las inquietudes que plantean las pymes est\u00e1n dise\u00f1ar pol\u00edticas educativas, con cursos como los que ya se dictan de forma gratuita desde el Estado \u2013como Mendoza Futura o Programaci\u00f2n-, trabajar de forma conjunta con las universidades, agilizar procesos de importaci\u00f3n y producci\u00f3n y hacer crecer las exportaciones y las ventas a todo el pa\u00eds.<\/span><\/p>\n<p><span style=\"color: #000000;\">Mor\u00e1bito asegur\u00f3 que se har\u00e1n m\u00e1s encuentros y que est\u00e1n invitadas todas las empresas que trabajan con energ\u00eda renovable. La idea, adem\u00e1s de nuclearlas en una organizaci\u00f3n, es dise\u00f1ar pol\u00edticas de desarrollo con una marca unificada y acciones conjuntas para el crecimiento de una actividad fundamental en la lucha contra el calentamiento global.<\/span><\/p>\n","protected":false},"excerpt":{"rendered":"<p>El Gobierno de Mendoza avanza en las acciones para crear un Cl\u00faster de Energ\u00eda Renovable, con el objetivo de reunir a &#8230;<\/p>\n","protected":false},"author":8,"featured_media":100391,"comment_status":"open","ping_status":"open","sticky":false,"template":"","format":"standard","meta":{"footnotes":""},"categories":[5,34],"tags":[],"class_list":["post-100390","post","type-post","status-publish","format-standard","has-post-thumbnail","hentry","category-actualidad","category-medio-ambiente"],"_links":{"self":[{"href":"https:\/\/vinasfm.com\/noticias\/wp-json\/wp\/v2\/posts\/100390","targetHints":{"allow":["GET"]}}],"collection":[{"href":"https:\/\/vinasfm.com\/noticias\/wp-json\/wp\/v2\/posts"}],"about":[{"href":"https:\/\/vinasfm.com\/noticias\/wp-json\/wp\/v2\/types\/post"}],"author":[{"embeddable":true,"href":"https:\/\/vinasfm.com\/noticias\/wp-json\/wp\/v2\/users\/8"}],"replies":[{"embeddable":true,"href":"https:\/\/vinasfm.com\/noticias\/wp-json\/wp\/v2\/comments?post=100390"}],"version-history":[{"count":1,"href":"https:\/\/vinasfm.com\/noticias\/wp-json\/wp\/v2\/posts\/100390\/revisions"}],"predecessor-version":[{"id":100392,"href":"https:\/\/vinasfm.com\/noticias\/wp-json\/wp\/v2\/posts\/100390\/revisions\/100392"}],"wp:featuredmedia":[{"embeddable":true,"href":"https:\/\/vinasfm.com\/noticias\/wp-json\/wp\/v2\/media\/100391"}],"wp:attachment":[{"href":"https:\/\/vinasfm.com\/noticias\/wp-json\/wp\/v2\/media?parent=100390"}],"wp:term":[{"taxonomy":"category","embeddable":true,"href":"https:\/\/vinasfm.com\/noticias\/wp-json\/wp\/v2\/categories?post=100390"},{"taxonomy":"post_tag","embeddable":true,"href":"https:\/\/vinasfm.com\/noticias\/wp-json\/wp\/v2\/tags?post=100390"}],"curies":[{"name":"wp","href":"https:\/\/api.w.org\/{rel}","templated":true}]}}