{"id":100376,"date":"2021-11-01T00:01:43","date_gmt":"2021-11-01T03:01:43","guid":{"rendered":"http:\/\/vinasfm.com\/noticias\/?p=100376"},"modified":"2021-11-04T08:48:50","modified_gmt":"2021-11-04T11:48:50","slug":"alvear-registro-un-fallecimiento-por-covid-19","status":"publish","type":"post","link":"https:\/\/vinasfm.com\/noticias\/alvear-registro-un-fallecimiento-por-covid-19\/","title":{"rendered":"ALVEAR REGISTR\u00d3 UN FALLECIMIENTO POR COVID 19"},"content":{"rendered":"<h4><span style=\"color: #000000;\"><strong>De las muestras de 17 PCR realizadas en las \u00faltimas 24 horas, el sistema sanitario local inform\u00f3 que no se reportaron nuevos casos de Covid-19 pero se registr\u00f3 un fallecimiento de un paciente con la enfermedad.<\/strong><\/span><\/h4>\n<p><span style=\"color: #000000;\">Al momento, el total de casos acumulados en el\u00a0<em><strong>Hospital Enfermeros Argentinos<\/strong><\/em>\u00a0es de\u00a0<strong>5.536 <\/strong>desde el comienzo de la pandemia de los cuales <strong>1 transita actualmente la enfermedad,<\/strong>\u00a0<strong>5.323 se han recuperado y 210 pacientes han perdido la vida.<\/strong><\/span><\/p>\n<h4 style=\"text-align: center;\"><span style=\"color: #000000;\"><strong>INFORME REGI\u00d3N SUR<\/strong><\/span><\/h4>\n<p><span style=\"color: #000000;\">Este <strong>martes<\/strong>, entre los tres departamentos del Sur<strong> se realizaron 77 PCR<\/strong>, resultando: <strong>todas con resultado negativo<\/strong>\u00a0para Covid-19.<\/span><\/p>\n<ul>\n<li><span style=\"color: #000000;\"><strong>GENERAL ALVEAR: 17 muestras.<\/strong><\/span><\/li>\n<li><span style=\"color: #000000;\"><strong>SAN RAFAEL: 60 muestras.<\/strong><\/span><\/li>\n<li><span style=\"color: #000000;\"><strong>MALARG\u00dcE: 0 muestras.<\/strong><\/span><\/li>\n<\/ul>\n<p><span style=\"color: #000000;\">Con estas cifras,\u00a0<strong>San Rafael, General Alvear y Malarg\u00fce<\/strong>\u00a0cuentan con\u00a0<strong>29.023 casos<\/strong>\u00a0confirmados desde el inicio de la pandemia de los cuales\u00a0<strong>27.905 se han recuperado<\/strong>\u00a0y\u00a0<strong>820 han fallecido<\/strong>.<\/span><\/p>\n<h5><span style=\"color: #000000;\"><strong>\u2022L.A.<\/strong><\/span><\/h5>\n","protected":false},"excerpt":{"rendered":"<p>De las muestras de 17 PCR realizadas en las \u00faltimas 24 horas, el sistema sanitario local inform\u00f3 que no se reportaron &#8230;<\/p>\n","protected":false},"author":7,"featured_media":70682,"comment_status":"open","ping_status":"open","sticky":false,"template":"","format":"standard","meta":{"footnotes":""},"categories":[5,62],"tags":[],"class_list":["post-100376","post","type-post","status-publish","format-standard","has-post-thumbnail","hentry","category-actualidad","category-coronavirus"],"_links":{"self":[{"href":"https:\/\/vinasfm.com\/noticias\/wp-json\/wp\/v2\/posts\/100376","targetHints":{"allow":["GET"]}}],"collection":[{"href":"https:\/\/vinasfm.com\/noticias\/wp-json\/wp\/v2\/posts"}],"about":[{"href":"https:\/\/vinasfm.com\/noticias\/wp-json\/wp\/v2\/types\/post"}],"author":[{"embeddable":true,"href":"https:\/\/vinasfm.com\/noticias\/wp-json\/wp\/v2\/users\/7"}],"replies":[{"embeddable":true,"href":"https:\/\/vinasfm.com\/noticias\/wp-json\/wp\/v2\/comments?post=100376"}],"version-history":[{"count":4,"href":"https:\/\/vinasfm.com\/noticias\/wp-json\/wp\/v2\/posts\/100376\/revisions"}],"predecessor-version":[{"id":100465,"href":"https:\/\/vinasfm.com\/noticias\/wp-json\/wp\/v2\/posts\/100376\/revisions\/100465"}],"wp:featuredmedia":[{"embeddable":true,"href":"https:\/\/vinasfm.com\/noticias\/wp-json\/wp\/v2\/media\/70682"}],"wp:attachment":[{"href":"https:\/\/vinasfm.com\/noticias\/wp-json\/wp\/v2\/media?parent=100376"}],"wp:term":[{"taxonomy":"category","embeddable":true,"href":"https:\/\/vinasfm.com\/noticias\/wp-json\/wp\/v2\/categories?post=100376"},{"taxonomy":"post_tag","embeddable":true,"href":"https:\/\/vinasfm.com\/noticias\/wp-json\/wp\/v2\/tags?post=100376"}],"curies":[{"name":"wp","href":"https:\/\/api.w.org\/{rel}","templated":true}]}}