{"id":100365,"date":"2021-11-03T23:59:09","date_gmt":"2021-11-04T02:59:09","guid":{"rendered":"http:\/\/vinasfm.com\/noticias\/?p=100365"},"modified":"2021-11-05T10:49:09","modified_gmt":"2021-11-05T13:49:09","slug":"hasta-el-10-de-noviembre-hay-tiempo-de-inscribirse-al-programa-mendoza-emprende-semilla","status":"publish","type":"post","link":"https:\/\/vinasfm.com\/noticias\/hasta-el-10-de-noviembre-hay-tiempo-de-inscribirse-al-programa-mendoza-emprende-semilla\/","title":{"rendered":"HASTA EL 10 DE NOVIEMBRE HAY TIEMPO DE INSCRIBIRSE AL PROGRAMA MENDOZA EMPRENDE SEMILLA"},"content":{"rendered":"<h4><span style=\"color: #000000;\"><strong>El Ministerio de Econom\u00eda y Energ\u00eda, a trav\u00e9s de la Direcci\u00f3n de Emprendedores, abri\u00f3 a partir de este lunes 1 de noviembre, y hasta el 10 de este mismo mes, la posibilidad de participar de la segunda convocatoria del programa de fomento Mendoza Emprende Semilla.\u00a0<\/strong><\/span><\/h4>\n<p><span style=\"color: #000000;\">La iniciativa, impulsada desde la cartera econ\u00f3mica provincial, a cargo del ministro Enrique Vaqui\u00e9, <strong>prev\u00e9 alcanzar a 1.000 beneficiarios de toda la provincia y permite acceder a $250.000 en cr\u00e9dito y aportes no reembolsables (ANR).\u00a0<\/strong><\/span><\/p>\n<p><span style=\"color: #000000;\">Consultado por <strong>F.M. Vi\u00f1as<\/strong> sobre el impacto del programa en Alvear, el <strong>Director de Desarrollo Econ\u00f3mico e Innovaci\u00f3n Marcos Caro<\/strong> destac\u00f3: &#8216;<strong><em>Hemos sido el segundo departamento con m\u00e1s proyectos presentados en la provincia a pesar de ser solo tres d\u00edas para hacer las presentaciones<\/em><\/strong>&#8216;.<\/span><\/p>\n<h4><span style=\"color: #000000;\"><strong>Fomento al desarrollo\u00a0\u00a0\u00a0<\/strong><\/span><\/h4>\n<p><span style=\"color: #000000;\">La iniciativa est\u00e1 <strong>orientada a emprendimientos que se vayan a concretar o bien que ya est\u00e9n en marcha<\/strong> pero que necesiten una ayuda para dar un salto. Para ello, <strong>se dispuso de $250 millones que ser\u00e1n destinados a 1.000 emprendimientos<\/strong>.\u00a0\u00a0\u00a0<\/span><\/p>\n<p><span style=\"color: #000000;\">El programa fue dise\u00f1ado para que <strong>una parte de la suma ($150.000) sea otorgado a trav\u00e9s de una l\u00ednea de financiamiento por medio de Mendoza Fiduciaria<\/strong>, a devolver en 24 meses, con 6 de gracia, a una Tasa del 12% anual. Mientras que <strong>el resto del financiamiento ($100.000) se otorga a trav\u00e9s de Aportes No Reembolsables (ANR)<\/strong>.\u00a0<\/span><\/p>\n<p><span style=\"color: #000000;\">Se podr\u00e1 acceder al beneficio de activos fijos nuevos y\/o capital de trabajo de actividades agropecuarias, industriales, comerciales, productivas de base no agropecuaria, de base tecnol\u00f3gica, tur\u00edsticas, artesanales, mineras, de servicios a la producci\u00f3n y otros servicios.\u00a0\u00a0\u00a0\u00a0<\/span><\/p>\n<h4><span style=\"color: #000000;\"><strong>\u00bfC\u00f3mo acceder al programa?\u00a0\u00a0\u00a0\u00a0<\/strong><\/span><\/h4>\n<p><span style=\"color: #000000;\">Para acceder a este beneficio <strong>los interesados deber\u00e1n inscribirse a trav\u00e9s del sistema Ticket<\/strong>, lo que permitir\u00e1 un seguimiento de la gesti\u00f3n. Los requisitos son: <strong>ser mayor de edad, estar inscriptos impositivamente (puede ser monotributo social), obtener un presupuesto de los bienes que desean comprar y poseer una cuenta bancaria<\/strong>.\u00a0\u00a0\u00a0\u00a0<\/span><\/p>\n<p><span style=\"color: #000000;\">El reglamento de esta nueva l\u00ednea de financiamiento estar\u00e1 disponible en<\/span>\u00a0<a href=\"http:\/\/www.mendozafiduciaria.com\/\" target=\"_blank\" rel=\"noreferrer noopener\">www.mendozafiduciaria.com<\/a>\u00a0<span style=\"color: #000000;\">donde figurar\u00e1n los detalles de la documentaci\u00f3n a presentar y las condiciones para financiar el emprendimiento.\u00a0\u00a0\u00a0\u00a0<\/span><\/p>\n<p><span style=\"color: #000000;\">Los emprendedores podr\u00e1n realizar consultas y conocer m\u00e1s detalles del programa escribiendo a<\/span>\u00a0<a href=\"mailto:emprendedoressemilla@gmail.com\" target=\"_blank\" rel=\"noreferrer noopener\">emprendedoressemilla@gmail.com<\/a>\u00a0<span style=\"color: #000000;\">o bien al mail<\/span>\u00a0<a href=\"mailto:emprendedores@mendoza.gov.ar\" target=\"_blank\" rel=\"noreferrer noopener\">emprendedores@mendoza.gov.ar<\/a><\/p>\n","protected":false},"excerpt":{"rendered":"<p>El Ministerio de Econom\u00eda y Energ\u00eda, a trav\u00e9s de la Direcci\u00f3n de Emprendedores, abri\u00f3 a partir de este lunes 1 de &#8230;<\/p>\n","protected":false},"author":8,"featured_media":93324,"comment_status":"open","ping_status":"open","sticky":false,"template":"","format":"standard","meta":{"footnotes":""},"categories":[5,16],"tags":[],"class_list":["post-100365","post","type-post","status-publish","format-standard","has-post-thumbnail","hentry","category-actualidad","category-economia"],"_links":{"self":[{"href":"https:\/\/vinasfm.com\/noticias\/wp-json\/wp\/v2\/posts\/100365","targetHints":{"allow":["GET"]}}],"collection":[{"href":"https:\/\/vinasfm.com\/noticias\/wp-json\/wp\/v2\/posts"}],"about":[{"href":"https:\/\/vinasfm.com\/noticias\/wp-json\/wp\/v2\/types\/post"}],"author":[{"embeddable":true,"href":"https:\/\/vinasfm.com\/noticias\/wp-json\/wp\/v2\/users\/8"}],"replies":[{"embeddable":true,"href":"https:\/\/vinasfm.com\/noticias\/wp-json\/wp\/v2\/comments?post=100365"}],"version-history":[{"count":5,"href":"https:\/\/vinasfm.com\/noticias\/wp-json\/wp\/v2\/posts\/100365\/revisions"}],"predecessor-version":[{"id":100374,"href":"https:\/\/vinasfm.com\/noticias\/wp-json\/wp\/v2\/posts\/100365\/revisions\/100374"}],"wp:featuredmedia":[{"embeddable":true,"href":"https:\/\/vinasfm.com\/noticias\/wp-json\/wp\/v2\/media\/93324"}],"wp:attachment":[{"href":"https:\/\/vinasfm.com\/noticias\/wp-json\/wp\/v2\/media?parent=100365"}],"wp:term":[{"taxonomy":"category","embeddable":true,"href":"https:\/\/vinasfm.com\/noticias\/wp-json\/wp\/v2\/categories?post=100365"},{"taxonomy":"post_tag","embeddable":true,"href":"https:\/\/vinasfm.com\/noticias\/wp-json\/wp\/v2\/tags?post=100365"}],"curies":[{"name":"wp","href":"https:\/\/api.w.org\/{rel}","templated":true}]}}