{"id":100308,"date":"2021-11-02T23:59:34","date_gmt":"2021-11-03T02:59:34","guid":{"rendered":"http:\/\/vinasfm.com\/noticias\/?p=100308"},"modified":"2021-11-04T10:51:34","modified_gmt":"2021-11-04T13:51:34","slug":"la-nueva-delegacion-de-carmensa-alcanzo-un-95-de-avance-de-obra","status":"publish","type":"post","link":"https:\/\/vinasfm.com\/noticias\/la-nueva-delegacion-de-carmensa-alcanzo-un-95-de-avance-de-obra\/","title":{"rendered":"LA NUEVA DELEGACI\u00d3N DE CARMENSA ALCANZ\u00d3 UN 95% DE AVANCE DE OBRA"},"content":{"rendered":"<h4><span style=\"color: #000000;\"><strong>As\u00ed lo confirm\u00f3 en di\u00e1logo con F.M. Vi\u00f1as el Delegado de San Pedro del Atuel Jorge P\u00e9rez, quien tambi\u00e9n destac\u00f3 el avance de distintas obras en el distrito del sur <em>&#8216;gracias al concepto de federalizaci\u00f3n de la actual administraci\u00f3n municipal a cargo del Intendente Walther Marcolini<\/em>&#8216;, sostuvo.<\/strong><\/span><\/h4>\n<p><span style=\"color: #000000;\">La obra civil de la <strong>nueva delegaci\u00f3n de Carmensa<\/strong> alcanz\u00f3 el <strong>95% de ejecuci\u00f3n<\/strong>: &#8216;<strong><em>Resta la colocaci\u00f3n de aberturas y cielorrasos lo que nos ubica muy pr\u00f3ximos a la inauguraci\u00f3n, algo que nos pone muy contentos porque adem\u00e1s se destinar\u00e1 un espacio para la colocaci\u00f3n de un cajero autom\u00e1tico y una farmacia&#8217;<\/em><\/strong>, asegur\u00f3 P\u00e9rez quien subray\u00f3 que se ha proyectado <strong>la construcci\u00f3n de un SUM en el mismo predio<\/strong>.<\/span><\/p>\n<p><span style=\"color: #000000;\">Con el fin de mejorar la calidad de vida de los carmensinos, contin\u00faa <strong>el recambio de luminaria a tecnolog\u00eda led<\/strong>: &#8216;<strong><em>En la \u00faltima etapa de colocaron 66 nuevas luminarias led en arterias importantes del distrito sin olvidar que las luces recuperadas se han ido colocando en Colonia Rusa y Colonia Italiana<\/em><\/strong>&#8216;, manifest\u00f3 el Delegado.<\/span><\/p>\n<p><span style=\"color: #000000;\">Consultado sobre la <strong>remodelaci\u00f3n del boulevard,<\/strong> destac\u00f3: &#8216;<strong><em>Estamos muy pr\u00f3ximos a la instalaci\u00f3n de la parte subterr\u00e1nea y en 20 d\u00edas estaremos trabajando en la parte final para su inauguraci\u00f3n con la mejora de los laterales que son las dos v\u00edas de ingreso<\/em><\/strong>&#8216;. En este sentido resalt\u00f3 que la primera parte del boulevard fue realizada hace 22 a\u00f1os por lo que ahora &#8216;<strong><em>los carmensinos tendremos la posibilidad de disfrutar su culminaci\u00f3n<\/em><\/strong>&#8216;.<\/span><\/p>\n<p><span style=\"color: #000000;\">Valor\u00f3 que en Carmensa se ha realizado una inversi\u00f3n muy importante\u00a0 &#8216;<strong><em>generando que la gente se sienta feliz porque se les brinda un servicio acorde a lo que requieren como los asfaltos, luminarias, la plaza distrital, entre otras obras que tienen la misma calidad de las que se hacen en Bowen en Ciudad y en Alvear Oeste<\/em><\/strong>&#8216;.<\/span><\/p>\n<p><span style=\"color: #000000;\">Finalmente, confirm\u00f3 que <strong><em>&#8216;se coloc\u00f3 carteler\u00eda en el Cementerio de Carmensa adem\u00e1s del mantenimiento del lugar, donde se colocar\u00e1 sanitarios para quienes lo visiten<\/em><\/strong>&#8216;.<\/span><\/p>\n<h5><span style=\"color: #000000;\">\u2022F.B. (F.M. Vi\u00f1as).<\/span><\/h5>\n","protected":false},"excerpt":{"rendered":"<p>As\u00ed lo confirm\u00f3 en di\u00e1logo con F.M. Vi\u00f1as el Delegado de San Pedro del Atuel Jorge P\u00e9rez, quien tambi\u00e9n destac\u00f3 el &#8230;<\/p>\n","protected":false},"author":8,"featured_media":100317,"comment_status":"open","ping_status":"open","sticky":false,"template":"","format":"standard","meta":{"footnotes":""},"categories":[5,10],"tags":[],"class_list":["post-100308","post","type-post","status-publish","format-standard","has-post-thumbnail","hentry","category-actualidad","category-destacadas"],"_links":{"self":[{"href":"https:\/\/vinasfm.com\/noticias\/wp-json\/wp\/v2\/posts\/100308","targetHints":{"allow":["GET"]}}],"collection":[{"href":"https:\/\/vinasfm.com\/noticias\/wp-json\/wp\/v2\/posts"}],"about":[{"href":"https:\/\/vinasfm.com\/noticias\/wp-json\/wp\/v2\/types\/post"}],"author":[{"embeddable":true,"href":"https:\/\/vinasfm.com\/noticias\/wp-json\/wp\/v2\/users\/8"}],"replies":[{"embeddable":true,"href":"https:\/\/vinasfm.com\/noticias\/wp-json\/wp\/v2\/comments?post=100308"}],"version-history":[{"count":3,"href":"https:\/\/vinasfm.com\/noticias\/wp-json\/wp\/v2\/posts\/100308\/revisions"}],"predecessor-version":[{"id":100404,"href":"https:\/\/vinasfm.com\/noticias\/wp-json\/wp\/v2\/posts\/100308\/revisions\/100404"}],"wp:featuredmedia":[{"embeddable":true,"href":"https:\/\/vinasfm.com\/noticias\/wp-json\/wp\/v2\/media\/100317"}],"wp:attachment":[{"href":"https:\/\/vinasfm.com\/noticias\/wp-json\/wp\/v2\/media?parent=100308"}],"wp:term":[{"taxonomy":"category","embeddable":true,"href":"https:\/\/vinasfm.com\/noticias\/wp-json\/wp\/v2\/categories?post=100308"},{"taxonomy":"post_tag","embeddable":true,"href":"https:\/\/vinasfm.com\/noticias\/wp-json\/wp\/v2\/tags?post=100308"}],"curies":[{"name":"wp","href":"https:\/\/api.w.org\/{rel}","templated":true}]}}