{"id":100271,"date":"2021-11-02T23:55:49","date_gmt":"2021-11-03T02:55:49","guid":{"rendered":"http:\/\/vinasfm.com\/noticias\/?p=100271"},"modified":"2021-11-03T10:31:39","modified_gmt":"2021-11-03T13:31:39","slug":"se-realizara-el-2o-congreso-internacional-de-adicciones-y-vulnerabilidad-psicosociales","status":"publish","type":"post","link":"https:\/\/vinasfm.com\/noticias\/se-realizara-el-2o-congreso-internacional-de-adicciones-y-vulnerabilidad-psicosociales\/","title":{"rendered":"SE REALIZAR\u00c1 EL 2\u00ba CONGRESO INTERNACIONAL DE ADICCIONES Y VULNERABILIDADES PSICOSOCIALES"},"content":{"rendered":"<h4><span style=\"color: #000000;\"><strong>Est\u00e1 semana dar\u00e1 inicio el 2\u00b0 Congreso Internacional de Adicciones y Vulnerabilidades Psicosociales que contar\u00e1 disertantes de renombre. Se har\u00e1 de manera virtual dando la posibilidad que de distintas partes del pa\u00eds puedan participar de este congreso.<\/strong><\/span><\/h4>\n<p><span style=\"color: #000000;\">En el contexto de pandemia se implemento realizar el primer congreso de manera virtual de esta forma pueden ser parte personas de todas partes del pa\u00eds y se continua con esta l\u00ednea para este segundo congreso. <\/span><\/p>\n<p><span style=\"color: #000000;\">En di\u00e1logo con <em><strong>F.M. VI\u00d1AS, <\/strong><\/em>el <b>Coordinador<\/b><b> de Prevenci\u00f3n de Adicciones <\/b><strong>Rogelio Guerrera <\/strong>expres\u00f3:<em><strong> &#8216;La posibilidad de organizar con personas de distintas partes del pa\u00eds, no solo en la organizaci\u00f3n sino tambi\u00e9n como disertantes, contar nuestra realidad como trabajamos, compartir con otros lugares del mundo las estrategias y las formas de abordaje&#8217;.<\/strong><\/em><\/span><\/p>\n<p><span style=\"color: #000000;\"><em><strong>&#8216;El proyecto que tenemos incluye el desarrollo y como hacemos con el municipio para ganar espacio e incorpor\u00e1ndonos al circuito preventivo y asistencial en la Argentina y si es posible en el mundo e ir incorpor\u00e1ndole y trayendo Alvear todo lo de afuera&#8217;<\/strong><\/em>, destac\u00f3.<\/span><\/p>\n<p><span style=\"color: #000000;\">Guerrera ser\u00e1 parte de los disertantes con los que contar\u00e1 el Congreso, expondr\u00e1 en abordaje en ni\u00f1os, adolescencia, familia y prevenci\u00f3n, sobre el trabajo que se realiza en nuestro departamento y la experiencia<\/span><\/p>\n<p><span style=\"color: #000000;\">El congreso se realizar\u00e1 el <strong><em>4, 5 y 6 de noviembre<\/em><\/strong> con una tem\u00e1tica variada:<strong><em> &#8216;El costo es de $1500 para aquellos que lo soliciten y no puedan abonarlo no dejen de participar por problemas de dinero y que nos contacten as\u00ed vemos como solucionamos&#8217;<\/em>,<\/strong> se\u00f1al\u00f3.\u00a0\u00a0<\/span><\/p>\n<p><span style=\"color: #000000;\"><strong>Para participar pueden acercarse a la Coordinaci\u00f3n de Prevenci\u00f3n y Abordajes de Adicciones o comunicarse al 2625-406832.\u00a0<\/strong><\/span><\/p>\n<h5><span style=\"color: #000000;\">\u2022C.F.<\/span><\/h5>\n","protected":false},"excerpt":{"rendered":"<p>Est\u00e1 semana dar\u00e1 inicio el 2\u00b0 Congreso Internacional de Adicciones y Vulnerabilidades Psicosociales que contar\u00e1 disertantes de renombre. Se har\u00e1 de &#8230;<\/p>\n","protected":false},"author":7,"featured_media":14712,"comment_status":"open","ping_status":"open","sticky":false,"template":"","format":"standard","meta":{"footnotes":""},"categories":[5,10],"tags":[],"class_list":["post-100271","post","type-post","status-publish","format-standard","has-post-thumbnail","hentry","category-actualidad","category-destacadas"],"_links":{"self":[{"href":"https:\/\/vinasfm.com\/noticias\/wp-json\/wp\/v2\/posts\/100271","targetHints":{"allow":["GET"]}}],"collection":[{"href":"https:\/\/vinasfm.com\/noticias\/wp-json\/wp\/v2\/posts"}],"about":[{"href":"https:\/\/vinasfm.com\/noticias\/wp-json\/wp\/v2\/types\/post"}],"author":[{"embeddable":true,"href":"https:\/\/vinasfm.com\/noticias\/wp-json\/wp\/v2\/users\/7"}],"replies":[{"embeddable":true,"href":"https:\/\/vinasfm.com\/noticias\/wp-json\/wp\/v2\/comments?post=100271"}],"version-history":[{"count":10,"href":"https:\/\/vinasfm.com\/noticias\/wp-json\/wp\/v2\/posts\/100271\/revisions"}],"predecessor-version":[{"id":100336,"href":"https:\/\/vinasfm.com\/noticias\/wp-json\/wp\/v2\/posts\/100271\/revisions\/100336"}],"wp:featuredmedia":[{"embeddable":true,"href":"https:\/\/vinasfm.com\/noticias\/wp-json\/wp\/v2\/media\/14712"}],"wp:attachment":[{"href":"https:\/\/vinasfm.com\/noticias\/wp-json\/wp\/v2\/media?parent=100271"}],"wp:term":[{"taxonomy":"category","embeddable":true,"href":"https:\/\/vinasfm.com\/noticias\/wp-json\/wp\/v2\/categories?post=100271"},{"taxonomy":"post_tag","embeddable":true,"href":"https:\/\/vinasfm.com\/noticias\/wp-json\/wp\/v2\/tags?post=100271"}],"curies":[{"name":"wp","href":"https:\/\/api.w.org\/{rel}","templated":true}]}}