{"id":100248,"date":"2021-11-12T00:01:30","date_gmt":"2021-11-12T03:01:30","guid":{"rendered":"http:\/\/vinasfm.com\/noticias\/?p=100248"},"modified":"2021-11-12T21:20:51","modified_gmt":"2021-11-13T00:20:51","slug":"elecciones-generales-2021-que-votamos","status":"publish","type":"post","link":"https:\/\/vinasfm.com\/noticias\/elecciones-generales-2021-que-votamos\/","title":{"rendered":"CONSULT\u00c1 D\u00d3NDE TE TOCA VOTAR ESTE DOMINGO"},"content":{"rendered":"<h4><span style=\"color: #000000;\"><strong>En el padr\u00f3n electoral est\u00e1n inscriptos los ciudadanos habilitados para votar este 14 de noviembre y est\u00e1 confeccionado por la Justicia Electoral, seg\u00fan lo establece el art\u00edculo 17 del C\u00f3digo Electoral Nacional.<\/strong><\/span><\/h4>\n<p><span style=\"color: #000000;\">El domingo 14 de noviembre, los mendocinos deber\u00e1n asistir a las urnas para las <strong>elecciones generales 2021<\/strong> en las que<strong> se elegir\u00e1n representantes para el poder legislativo nacional, provincial y municipal<\/strong>. Se votar\u00e1n los <strong>candidatos a senador y diputado nacional<\/strong>,<strong> senador y diputado provincial<\/strong> y <strong>concejal<\/strong>.\u00a0<\/span><\/p>\n<p><span style=\"color: #000000;\"><strong>Se renovar\u00e1n 5 bancas a diputados nacionales<\/strong>, <strong>3 bancas a senadores nacionales<\/strong>,<strong> 24 diputados provinciales<\/strong> y <strong>19 senadores provinciales<\/strong>. <strong>En el caso de los concejales<\/strong>, ser\u00e1n seis en los departamentos de Capital, Guaymall\u00e9n, Las Heras, Maip\u00fa, San Mart\u00edn, Godoy Cruz, Luj\u00e1n y San Rafael. <strong>En los departamentos de\u00a0<\/strong><strong>General Alvear<\/strong>, Lavalle, Jun\u00edn, Rivadavia, Santa Rosa, La Paz, Tunuy\u00e1n, Tupungato, San Carlos y Malarg\u00fce, <strong>ser\u00e1n cinco<\/strong>.<\/span><\/p>\n<h4><span style=\"color: #000000;\"><strong>\u00bfC\u00f3mo consultar d\u00f3nde votar?<\/strong><\/span><\/h4>\n<p><span style=\"color: #000000;\">Debido al protocolo especial contra COVID-19 dispuesto especialmente para estos comicios, <strong>se han incrementado los lugares de votaci\u00f3n, por lo cual podr\u00eda haber cambios de establecimientos respecto de a\u00f1os anteriores<\/strong>.<\/span><\/p>\n<p><span style=\"color: #000000;\">Es muy importante que cada ciudadano consulte y verifique el lugar de votaci\u00f3n. Las consultas al padr\u00f3n electoral pueden realizar por este medios:<\/span><strong>\u00a0<a href=\"http:\/\/www.padron.gob.ar\/\" target=\"_blank\" rel=\"noreferrer noopener\">www.padron.gob.ar<\/a><\/strong><\/p>\n<h5><span style=\"color: #000000;\">\u2022F.B.<\/span><\/h5>\n","protected":false},"excerpt":{"rendered":"<p>En el padr\u00f3n electoral est\u00e1n inscriptos los ciudadanos habilitados para votar este 14 de noviembre y est\u00e1 confeccionado por la Justicia &#8230;<\/p>\n","protected":false},"author":8,"featured_media":52924,"comment_status":"open","ping_status":"open","sticky":false,"template":"","format":"standard","meta":{"footnotes":""},"categories":[5,23],"tags":[],"class_list":["post-100248","post","type-post","status-publish","format-standard","has-post-thumbnail","hentry","category-actualidad","category-elecciones"],"_links":{"self":[{"href":"https:\/\/vinasfm.com\/noticias\/wp-json\/wp\/v2\/posts\/100248","targetHints":{"allow":["GET"]}}],"collection":[{"href":"https:\/\/vinasfm.com\/noticias\/wp-json\/wp\/v2\/posts"}],"about":[{"href":"https:\/\/vinasfm.com\/noticias\/wp-json\/wp\/v2\/types\/post"}],"author":[{"embeddable":true,"href":"https:\/\/vinasfm.com\/noticias\/wp-json\/wp\/v2\/users\/8"}],"replies":[{"embeddable":true,"href":"https:\/\/vinasfm.com\/noticias\/wp-json\/wp\/v2\/comments?post=100248"}],"version-history":[{"count":4,"href":"https:\/\/vinasfm.com\/noticias\/wp-json\/wp\/v2\/posts\/100248\/revisions"}],"predecessor-version":[{"id":101002,"href":"https:\/\/vinasfm.com\/noticias\/wp-json\/wp\/v2\/posts\/100248\/revisions\/101002"}],"wp:featuredmedia":[{"embeddable":true,"href":"https:\/\/vinasfm.com\/noticias\/wp-json\/wp\/v2\/media\/52924"}],"wp:attachment":[{"href":"https:\/\/vinasfm.com\/noticias\/wp-json\/wp\/v2\/media?parent=100248"}],"wp:term":[{"taxonomy":"category","embeddable":true,"href":"https:\/\/vinasfm.com\/noticias\/wp-json\/wp\/v2\/categories?post=100248"},{"taxonomy":"post_tag","embeddable":true,"href":"https:\/\/vinasfm.com\/noticias\/wp-json\/wp\/v2\/tags?post=100248"}],"curies":[{"name":"wp","href":"https:\/\/api.w.org\/{rel}","templated":true}]}}