{"id":100246,"date":"2021-11-01T00:01:19","date_gmt":"2021-11-01T03:01:19","guid":{"rendered":"http:\/\/vinasfm.com\/noticias\/?p=100246"},"modified":"2021-11-01T11:37:04","modified_gmt":"2021-11-01T14:37:04","slug":"mitigacion-de-granizo-extensa-jornada-con-tormentas-en-sur-y-este-provincial","status":"publish","type":"post","link":"https:\/\/vinasfm.com\/noticias\/mitigacion-de-granizo-extensa-jornada-con-tormentas-en-sur-y-este-provincial\/","title":{"rendered":"MITIGACI\u00d3N DE GRANIZO: EXTENSA JORNADA CON TORMENTAS EN EL SUR Y ESTE PROVINCIAL"},"content":{"rendered":"<h4><span style=\"color: #000000;\"><strong>En las \u00faltimas horas, las condiciones de inestabilidad predominaron en el oasis Sur y zona Este de la provincia. Los radares del Sistema de Mitigaci\u00f3n de Granizo observaron focos de tormentas desde las 8 del s\u00e1bado hasta la ma\u00f1ana del domingo. Se necesit\u00f3 intervenci\u00f3n sobre celdas que se desplazaron hacia las \u00e1reas productivas.<\/strong><\/span><\/h4>\n<p><span style=\"color: #000000;\"><strong>En el oasis Sur la siembra se realiz\u00f3 en la ma\u00f1ana<\/strong>. Las aeronaves operaron entre las 8 y las 9.30. En tanto, en el zona Este, las tareas se extendieron toda la jornada: los aviones se mantuvieron activos desde las 8 hasta las 23.30.<\/span><\/p>\n<p><span style=\"color: #000000;\">De acuerdo con las im\u00e1genes tomadas por los radares, en las \u00e1reas productivas del Sur se observaron lluvias moderadas y fuertes en San Rafael (Las Paredes, El Cerrito, Cuadro Nacional, Goudge y Ciudad) y en <strong>General Alvear (Bowen y La Escandinava)<\/strong>. Tambi\u00e9n, lluvias y granizo en \u00e1reas sin cultivar de ambos departamentos.<\/span><\/p>\n<p><span style=\"color: #000000;\">En cuanto a las \u00e1reas cultivadas del oasis Norte, se observaron lluvias moderadas en Luj\u00e1n de Cuyo, Guaymall\u00e9n, Maip\u00fa, Jun\u00edn, San Mart\u00edn y Rivadavia, y lluvias fuertes en distritos de Lavalle, Santa Rosa y La Paz. Tambi\u00e9n se observaron precipitaciones en \u00e1reas incultas.<\/span><\/p>\n<h5><span style=\"color: #000000;\">\u2022F.B.<\/span><\/h5>\n","protected":false},"excerpt":{"rendered":"<p>En las \u00faltimas horas, las condiciones de inestabilidad predominaron en el oasis Sur y zona Este de la provincia. Los radares &#8230;<\/p>\n","protected":false},"author":8,"featured_media":49154,"comment_status":"open","ping_status":"open","sticky":false,"template":"","format":"standard","meta":{"footnotes":""},"categories":[5,10],"tags":[],"class_list":["post-100246","post","type-post","status-publish","format-standard","has-post-thumbnail","hentry","category-actualidad","category-destacadas"],"_links":{"self":[{"href":"https:\/\/vinasfm.com\/noticias\/wp-json\/wp\/v2\/posts\/100246","targetHints":{"allow":["GET"]}}],"collection":[{"href":"https:\/\/vinasfm.com\/noticias\/wp-json\/wp\/v2\/posts"}],"about":[{"href":"https:\/\/vinasfm.com\/noticias\/wp-json\/wp\/v2\/types\/post"}],"author":[{"embeddable":true,"href":"https:\/\/vinasfm.com\/noticias\/wp-json\/wp\/v2\/users\/8"}],"replies":[{"embeddable":true,"href":"https:\/\/vinasfm.com\/noticias\/wp-json\/wp\/v2\/comments?post=100246"}],"version-history":[{"count":4,"href":"https:\/\/vinasfm.com\/noticias\/wp-json\/wp\/v2\/posts\/100246\/revisions"}],"predecessor-version":[{"id":100268,"href":"https:\/\/vinasfm.com\/noticias\/wp-json\/wp\/v2\/posts\/100246\/revisions\/100268"}],"wp:featuredmedia":[{"embeddable":true,"href":"https:\/\/vinasfm.com\/noticias\/wp-json\/wp\/v2\/media\/49154"}],"wp:attachment":[{"href":"https:\/\/vinasfm.com\/noticias\/wp-json\/wp\/v2\/media?parent=100246"}],"wp:term":[{"taxonomy":"category","embeddable":true,"href":"https:\/\/vinasfm.com\/noticias\/wp-json\/wp\/v2\/categories?post=100246"},{"taxonomy":"post_tag","embeddable":true,"href":"https:\/\/vinasfm.com\/noticias\/wp-json\/wp\/v2\/tags?post=100246"}],"curies":[{"name":"wp","href":"https:\/\/api.w.org\/{rel}","templated":true}]}}