{"id":100155,"date":"2021-10-30T23:59:10","date_gmt":"2021-10-31T02:59:10","guid":{"rendered":"http:\/\/vinasfm.com\/noticias\/?p=100155"},"modified":"2021-11-02T08:54:14","modified_gmt":"2021-11-02T11:54:14","slug":"tragico-accidente-en-ruta-143-un-hombre-perdio-la-vida-tras-impactar-su-vehiculo-contra-un-monticulo-de-lena","status":"publish","type":"post","link":"https:\/\/vinasfm.com\/noticias\/tragico-accidente-en-ruta-143-un-hombre-perdio-la-vida-tras-impactar-su-vehiculo-contra-un-monticulo-de-lena\/","title":{"rendered":"TR\u00c1GICO ACCIDENTE EN RUTA 143: UN HOMBRE PERDI\u00d3 LA VIDA TRAS IMPACTAR SU VEH\u00cdCULO CONTRA UN MONT\u00cdCULO DE LE\u00d1A"},"content":{"rendered":"<h4><span style=\"color: #000000;\"><strong>El episodio fatal ocurri\u00f3 cerca de las 03:30hs de este s\u00e1bado cuando el conductor de un VW Senda impact\u00f3 su veh\u00edculo contra un mont\u00edculo de le\u00f1a dispuesto en el interior de una propiedad ubicada en Ruta 143, entre calles F y E.<\/strong><\/span><\/h4>\n<p><span style=\"color: #000000;\">Fuentes oficiales confirmaron a <strong>F.M. VI\u00d1AS<\/strong>\u00a0que <strong>el veh\u00edculo era conducido por un hombre identificado como Jos\u00e9 Luis Moya<\/strong> (<strong>45<\/strong>), con domicilio en Alvear Oeste, quien iba <strong>en compa\u00f1\u00eda de una mujer de apellido Miranda (43).<\/strong><\/span><\/p>\n<p><span style=\"color: #000000;\">Ambos <strong>circulaban en direcci\u00f3n al norte por la Ruta 143<\/strong> y entre calles F y E <strong>el conductor perdi\u00f3 el dominio del rodado ingresando a la propiedad e impactando contra el mont\u00edculo de le\u00f1a.<\/strong><\/span><\/p>\n<p><span style=\"color: #000000;\">Para rescatar a las v\u00edctimas tuvo que intervenir <strong>personal de Bomberos<\/strong> ya que producto de la colisi\u00f3n hab\u00edan quedado atrapadas en el interior del rodado.<\/span><\/p>\n<p><span style=\"color: #000000;\">Al arribar personal de salud <strong>constataron el deceso de Moya<\/strong> mientras que\u00a0la acompa\u00f1ante revest\u00eda\u00a0<strong><em>politraumatismos<\/em><\/strong>, motivo por el que fue trasladada al <strong>Hospital &#8216;Enfermeros Argentinos&#8217;, donde qued\u00f3 internada en Observaci\u00f3n.<\/strong><\/span><\/p>\n<p><span style=\"color: #000000;\">En el escenario del luctuoso hecho trabaj\u00f3 <strong>personal de Comisar\u00eda 14\u00b0<\/strong> y <strong>Polic\u00eda Cient\u00edfica<\/strong> bajo instrucci\u00f3n de la <strong>Unidad Fiscal de General Alvear<\/strong>.<\/span><\/p>\n<h5><span style=\"color: #000000;\">\u2022F.B. (F.M. Vi\u00f1as).<\/span><\/h5>\n","protected":false},"excerpt":{"rendered":"<p>El episodio fatal ocurri\u00f3 cerca de las 03:30hs de este s\u00e1bado cuando el conductor de un VW Senda impact\u00f3 su veh\u00edculo &#8230;<\/p>\n","protected":false},"author":8,"featured_media":100172,"comment_status":"open","ping_status":"open","sticky":false,"template":"","format":"standard","meta":{"footnotes":""},"categories":[5,4],"tags":[],"class_list":["post-100155","post","type-post","status-publish","format-standard","has-post-thumbnail","hentry","category-actualidad","category-policiales"],"_links":{"self":[{"href":"https:\/\/vinasfm.com\/noticias\/wp-json\/wp\/v2\/posts\/100155","targetHints":{"allow":["GET"]}}],"collection":[{"href":"https:\/\/vinasfm.com\/noticias\/wp-json\/wp\/v2\/posts"}],"about":[{"href":"https:\/\/vinasfm.com\/noticias\/wp-json\/wp\/v2\/types\/post"}],"author":[{"embeddable":true,"href":"https:\/\/vinasfm.com\/noticias\/wp-json\/wp\/v2\/users\/8"}],"replies":[{"embeddable":true,"href":"https:\/\/vinasfm.com\/noticias\/wp-json\/wp\/v2\/comments?post=100155"}],"version-history":[{"count":19,"href":"https:\/\/vinasfm.com\/noticias\/wp-json\/wp\/v2\/posts\/100155\/revisions"}],"predecessor-version":[{"id":100219,"href":"https:\/\/vinasfm.com\/noticias\/wp-json\/wp\/v2\/posts\/100155\/revisions\/100219"}],"wp:featuredmedia":[{"embeddable":true,"href":"https:\/\/vinasfm.com\/noticias\/wp-json\/wp\/v2\/media\/100172"}],"wp:attachment":[{"href":"https:\/\/vinasfm.com\/noticias\/wp-json\/wp\/v2\/media?parent=100155"}],"wp:term":[{"taxonomy":"category","embeddable":true,"href":"https:\/\/vinasfm.com\/noticias\/wp-json\/wp\/v2\/categories?post=100155"},{"taxonomy":"post_tag","embeddable":true,"href":"https:\/\/vinasfm.com\/noticias\/wp-json\/wp\/v2\/tags?post=100155"}],"curies":[{"name":"wp","href":"https:\/\/api.w.org\/{rel}","templated":true}]}}