{"id":100124,"date":"2021-10-30T23:59:23","date_gmt":"2021-10-31T02:59:23","guid":{"rendered":"http:\/\/vinasfm.com\/noticias\/?p=100124"},"modified":"2021-11-01T08:49:33","modified_gmt":"2021-11-01T11:49:33","slug":"san-rafael-e-intendente-morales-nuevamente-escenario-de-un-accidente-de-transito","status":"publish","type":"post","link":"https:\/\/vinasfm.com\/noticias\/san-rafael-e-intendente-morales-nuevamente-escenario-de-un-accidente-de-transito\/","title":{"rendered":"SAN RAFAEL E INTENDENTE MORALES, NUEVAMENTE ESCENARIO DE UN ACCIDENTE DE TR\u00c1NSITO"},"content":{"rendered":"<h4><span style=\"color: #000000;\"><strong>En horas del mediod\u00eda de este viernes, una joven ciclista termin\u00f3 lesionada tras impactar con un veh\u00edculo en la intersecci\u00f3n de calles San Rafael e Intendente Morales de Ciudad.<\/strong><\/span><\/h4>\n<div id=\"attachment_100151\" style=\"width: 265px\" class=\"wp-caption alignleft\"><a style=\"color: #000000;\" href=\"http:\/\/vinasfm.com\/noticias\/wp-content\/uploads\/2021\/10\/616b2d5b-ffa2-4e0f-b597-6cfcb041bf01.jpg\"><img loading=\"lazy\" decoding=\"async\" aria-describedby=\"caption-attachment-100151\" class=\"wp-image-100151\" src=\"http:\/\/vinasfm.com\/noticias\/wp-content\/uploads\/2021\/10\/616b2d5b-ffa2-4e0f-b597-6cfcb041bf01.jpg\" alt=\"\" width=\"265\" height=\"198\" srcset=\"https:\/\/vinasfm.com\/noticias\/wp-content\/uploads\/2021\/10\/616b2d5b-ffa2-4e0f-b597-6cfcb041bf01.jpg 1600w, https:\/\/vinasfm.com\/noticias\/wp-content\/uploads\/2021\/10\/616b2d5b-ffa2-4e0f-b597-6cfcb041bf01-300x225.jpg 300w, https:\/\/vinasfm.com\/noticias\/wp-content\/uploads\/2021\/10\/616b2d5b-ffa2-4e0f-b597-6cfcb041bf01-1024x768.jpg 1024w, https:\/\/vinasfm.com\/noticias\/wp-content\/uploads\/2021\/10\/616b2d5b-ffa2-4e0f-b597-6cfcb041bf01-768x576.jpg 768w, https:\/\/vinasfm.com\/noticias\/wp-content\/uploads\/2021\/10\/616b2d5b-ffa2-4e0f-b597-6cfcb041bf01-1536x1152.jpg 1536w\" sizes=\"auto, (max-width: 265px) 100vw, 265px\" \/><\/a><p id=\"caption-attachment-100151\" class=\"wp-caption-text\"><em><span style=\"color: #000000;\">El veh\u00edculo VW Voyage era conducido por una mujer mayor de edad.<\/span><\/em><\/p><\/div>\n<p><span style=\"color: #000000;\">Desde<strong> Polic\u00eda Vial<\/strong> detallaron a<strong> F.M. Vi\u00f1as<\/strong> la mec\u00e1nica del siniestro<strong> ocurrido a las 12:20hs<\/strong> entre una <em><strong>playera de dama<\/strong><\/em> conducida por una <em>menor de 16 a\u00f1os<\/em> y un veh\u00edculo <em><strong>VW Voyage<\/strong><\/em> al mando de una <em>mujer mayor de edad<\/em>, en compa\u00f1\u00eda de un hombre.<\/span><\/p>\n<p><span style=\"color: #000000;\">La ciclista <strong>se dirig\u00eda hacia el sur<\/strong>, en contramano,<strong> por calle San Rafael<\/strong> y al llegar al cruce con la segunda v\u00eda <strong>impact\u00f3 contra el costado izquierdo del autom\u00f3vil que circulaba en direcci\u00f3n al este<\/strong>.<\/span><\/p>\n<p><span style=\"color: #000000;\">A ra\u00edz de la colisi\u00f3n, la conductora del rodado menor cay\u00f3 pesadamente al suelo ocasion\u00e1ndole<strong><em> esguince en pie izquierdo<\/em><\/strong> raz\u00f3n por la que una ambulancia la traslad\u00f3 al <strong>Hospital &#8216;Enfermeros Argentinos&#8217;<\/strong> para su asistencia.\u00a0<\/span><\/p>\n<p><span style=\"color: #000000;\">Se labraron actuaciones en &#8216;<strong><em>Averiguaci\u00f3n Lesiones Culposas<\/em><\/strong>&#8216;, bajo instrucci\u00f3n de la <strong>Unidad Fiscal de Comisar\u00eda 14\u00b0<\/strong>.<\/span><\/p>\n<h5><span style=\"color: #000000;\">\u2022F.B. (F.M. Vi\u00f1as).<\/span><\/h5>\n","protected":false},"excerpt":{"rendered":"<p>En horas del mediod\u00eda de este viernes, una joven ciclista termin\u00f3 lesionada tras impactar con un veh\u00edculo en la intersecci\u00f3n de &#8230;<\/p>\n","protected":false},"author":8,"featured_media":100125,"comment_status":"open","ping_status":"open","sticky":false,"template":"","format":"standard","meta":{"footnotes":""},"categories":[5,4],"tags":[],"class_list":["post-100124","post","type-post","status-publish","format-standard","has-post-thumbnail","hentry","category-actualidad","category-policiales"],"_links":{"self":[{"href":"https:\/\/vinasfm.com\/noticias\/wp-json\/wp\/v2\/posts\/100124","targetHints":{"allow":["GET"]}}],"collection":[{"href":"https:\/\/vinasfm.com\/noticias\/wp-json\/wp\/v2\/posts"}],"about":[{"href":"https:\/\/vinasfm.com\/noticias\/wp-json\/wp\/v2\/types\/post"}],"author":[{"embeddable":true,"href":"https:\/\/vinasfm.com\/noticias\/wp-json\/wp\/v2\/users\/8"}],"replies":[{"embeddable":true,"href":"https:\/\/vinasfm.com\/noticias\/wp-json\/wp\/v2\/comments?post=100124"}],"version-history":[{"count":2,"href":"https:\/\/vinasfm.com\/noticias\/wp-json\/wp\/v2\/posts\/100124\/revisions"}],"predecessor-version":[{"id":100227,"href":"https:\/\/vinasfm.com\/noticias\/wp-json\/wp\/v2\/posts\/100124\/revisions\/100227"}],"wp:featuredmedia":[{"embeddable":true,"href":"https:\/\/vinasfm.com\/noticias\/wp-json\/wp\/v2\/media\/100125"}],"wp:attachment":[{"href":"https:\/\/vinasfm.com\/noticias\/wp-json\/wp\/v2\/media?parent=100124"}],"wp:term":[{"taxonomy":"category","embeddable":true,"href":"https:\/\/vinasfm.com\/noticias\/wp-json\/wp\/v2\/categories?post=100124"},{"taxonomy":"post_tag","embeddable":true,"href":"https:\/\/vinasfm.com\/noticias\/wp-json\/wp\/v2\/tags?post=100124"}],"curies":[{"name":"wp","href":"https:\/\/api.w.org\/{rel}","templated":true}]}}