{"id":100098,"date":"2021-11-01T08:20:33","date_gmt":"2021-11-01T11:20:33","guid":{"rendered":"http:\/\/vinasfm.com\/noticias\/?p=100098"},"modified":"2021-11-02T11:40:14","modified_gmt":"2021-11-02T14:40:14","slug":"anunciaron-el-lanzamiento-del-credito-rural-para-construccion-y-ampliacion","status":"publish","type":"post","link":"https:\/\/vinasfm.com\/noticias\/anunciaron-el-lanzamiento-del-credito-rural-para-construccion-y-ampliacion\/","title":{"rendered":"ANUNCIARON EL LANZAMIENTO DEL CR\u00c9DITO RURAL PARA CONSTRUCCI\u00d3N Y AMPLIACI\u00d3N"},"content":{"rendered":"<h4><span style=\"color: #000000;\"><strong>El Director de Vivienda Fabi\u00e1n Gim\u00e9nez anunci\u00f3 el avance en un programa que comienza a beneficiar a los alvearenses en la zona rural, con cr\u00e9ditos a baja tasa de inter\u00e9s en construcciones y ampliaciones.<\/strong><\/span><\/h4>\n<p><span style=\"color: #000000;\">En di\u00e1logo con <strong>FM Vi\u00f1as<\/strong>, Fabi\u00e1n Gim\u00e9nez anunci\u00f3: <em><strong>\u00abEs un programa que si bien hace bastante que existe dentro de la Direcci\u00f3n de Vivienda, en la actualidad se ha reflotado, porque se ha destinado un mayor presupuesto y se est\u00e1n llevando a cabo algunas ejecuciones\u00bb<\/strong><\/em>.\u00a0<\/span><\/p>\n<p><span style=\"color: #000000;\">En cuanto al objetivo del mismo manifest\u00f3: <em><strong>\u00abEl programa fue concebido para evitar la migraci\u00f3n de la gente de la zona rural a la zona urbana, por lo que aquellas personas que vivan en una explotaci\u00f3n agraria y necesiten construir una vivienda puede dirigirse a Direcci\u00f3n de Vivienda y ah\u00ed lo van a asesorarse para inscribirse\u00bb<\/strong><\/em>.<\/span><\/p>\n<p><span style=\"color: #000000;\">Con un cr\u00e9dito correspondiente al 85% del costo de la construcci\u00f3n planeada, y el requerimiento de una hect\u00e1rea como m\u00ednimo, Gim\u00e9nez manifest\u00f3 una de las condiciones importantes: <em><strong>\u00abLas personas tienen que llevar la propuesta del plano para construcci\u00f3n y en caso de ampliaci\u00f3n, nosotros tenemos planos para ba\u00f1os o dormitorios\u00bb.<\/strong><\/em><\/span><\/p>\n<p><span style=\"color: #000000;\">Por otra parte, tambi\u00e9n anunci\u00f3 que adem\u00e1s de quienes posean una hect\u00e1rea en su propiedad (como m\u00ednimo) tambi\u00e9n podr\u00e1n inscribirse a los cr\u00e9ditos los profesionales del \u00e1mbito rural. <strong>\u00abSi tienen un terreno en Alvear pero no vivienda, tambi\u00e9n pueden presentar planos, sin l\u00edmites de ingresos y la Direcci\u00f3n hace una evaluaci\u00f3n del monto a asignar\u00bb<\/strong>, explic\u00f3.<\/span><\/p>\n<h5><span style=\"color: #000000;\"><strong>\u2022L.A.<\/strong><\/span><\/h5>\n","protected":false},"excerpt":{"rendered":"<p>El Director de Vivienda Fabi\u00e1n Gim\u00e9nez anunci\u00f3 el avance en un programa que comienza a beneficiar a los alvearenses en la &#8230;<\/p>\n","protected":false},"author":7,"featured_media":83008,"comment_status":"open","ping_status":"open","sticky":false,"template":"","format":"standard","meta":{"footnotes":""},"categories":[5,67],"tags":[],"class_list":["post-100098","post","type-post","status-publish","format-standard","has-post-thumbnail","hentry","category-actualidad","category-ipv"],"_links":{"self":[{"href":"https:\/\/vinasfm.com\/noticias\/wp-json\/wp\/v2\/posts\/100098","targetHints":{"allow":["GET"]}}],"collection":[{"href":"https:\/\/vinasfm.com\/noticias\/wp-json\/wp\/v2\/posts"}],"about":[{"href":"https:\/\/vinasfm.com\/noticias\/wp-json\/wp\/v2\/types\/post"}],"author":[{"embeddable":true,"href":"https:\/\/vinasfm.com\/noticias\/wp-json\/wp\/v2\/users\/7"}],"replies":[{"embeddable":true,"href":"https:\/\/vinasfm.com\/noticias\/wp-json\/wp\/v2\/comments?post=100098"}],"version-history":[{"count":6,"href":"https:\/\/vinasfm.com\/noticias\/wp-json\/wp\/v2\/posts\/100098\/revisions"}],"predecessor-version":[{"id":100188,"href":"https:\/\/vinasfm.com\/noticias\/wp-json\/wp\/v2\/posts\/100098\/revisions\/100188"}],"wp:featuredmedia":[{"embeddable":true,"href":"https:\/\/vinasfm.com\/noticias\/wp-json\/wp\/v2\/media\/83008"}],"wp:attachment":[{"href":"https:\/\/vinasfm.com\/noticias\/wp-json\/wp\/v2\/media?parent=100098"}],"wp:term":[{"taxonomy":"category","embeddable":true,"href":"https:\/\/vinasfm.com\/noticias\/wp-json\/wp\/v2\/categories?post=100098"},{"taxonomy":"post_tag","embeddable":true,"href":"https:\/\/vinasfm.com\/noticias\/wp-json\/wp\/v2\/tags?post=100098"}],"curies":[{"name":"wp","href":"https:\/\/api.w.org\/{rel}","templated":true}]}}