{"id":100062,"date":"2021-10-29T23:59:50","date_gmt":"2021-10-30T02:59:50","guid":{"rendered":"http:\/\/vinasfm.com\/noticias\/?p=100062"},"modified":"2021-10-30T11:44:57","modified_gmt":"2021-10-30T14:44:57","slug":"el-fondo-para-la-transformacion-y-crecimiento-promociona-lineas-de-financiamiento-en-alvear","status":"publish","type":"post","link":"https:\/\/vinasfm.com\/noticias\/el-fondo-para-la-transformacion-y-crecimiento-promociona-lineas-de-financiamiento-en-alvear\/","title":{"rendered":"EL FONDO PARA LA TRANSFORMACI\u00d3N Y CRECIMIENTO PROMOCIONA L\u00cdNEAS DE FINANCIAMIENTO EN ALVEAR"},"content":{"rendered":"<h4><span style=\"color: #000000;\"><strong>El Intendente Walther Marcolini recibi\u00f3 a la Directora Ejecutiva del Fondo para la Transformaci\u00f3n y Crecimiento -FTyC- de la Provincia Silvina Giordano y brindaron conferencia de prensa para detallar el motivo de la visita de personal ejecutivo del FTyC, dado que luego, junto al Secretario de Desarrollo y Promoci\u00f3n Departamental Carlos Ponce recorrieron emprendimientos locales, visitando a emprendedores, productores, empresarios y prestadores de servicios, durante todo el d\u00eda, para dar seguimiento a proyectos de inversi\u00f3n en desarrollo y para poner a disposici\u00f3n las diferentes l\u00edneas de financiamiento.<\/strong><\/span><\/h4>\n<p><span style=\"color: #000000;\">Con una agenda intensa, la directora del<strong> FTyC Silvina Giordano<\/strong> se reuni\u00f3 en principio con el Intendencia Municipal, luego, junto a Carlos Ponce, fue a la oficina del Fondo para la Transformaci\u00f3n y el Crecimiento ubicada en calle Sarmiento 32, a continuaci\u00f3n, mantuvo una reuni\u00f3n informativa con referentes de Federaci\u00f3n Agraria Argentina promocionando l\u00edneas de financiamiento en general.<\/span><\/p>\n<p><span style=\"color: #000000;\">Posteriormente, se encontr\u00f3 con el productor e industrial Mauricio Cargnelutti, que est\u00e1 aplicando financiamiento para riego; tambi\u00e9n con el productor, industrial y prestador de servicios Gustavo Caro, quien actualmente tiene l\u00edneas de riego tomadas con el Fondo; al productor, empacador y exportador Frutas Escartin; al productor Ra\u00fal Serro que posee l\u00edneas de financiamiento tomadas con el Fondo; con el productor Daniel Vega. Asimismo, estuvo presente en la Bodega de quien adem\u00e1s es productor Carlos Lalik, que se encuentra tramitando un cr\u00e9dito para su finca en la oficina local y con el Presidente de la C\u00e1mara de Turismo, Gustavo Garc\u00eda, difundiendo las l\u00edneas de financiamiento para el sector.<\/span><\/p>\n<p><span style=\"color: #000000;\">El Intendente agradeci\u00f3 la visita de Silvina Giordano porque vino a trabajar junto a Carlos Ponce y su equipo en el territorio, para ir al encuentro de productores y empresarios de diferentes rubros: agr\u00edcola, ganadero, tur\u00edstico, por lo que durante todo el d\u00eda estuvo recorriendo el Departamento para llegar al productor y poner a su servicio las herramientas que el fondo tiene. \u201c<strong><em>La oficina local del FTyC realiza trabajos colaborativos con el municipio a los efectos de eficientizar costos<\/em><\/strong>\u201d, indic\u00f3.<\/span><\/p>\n<p><span style=\"color: #000000;\">Por su parte, Silvina Giordano expres\u00f3: \u201c<strong><em>Visitamos a productores, emprendimientos ganaderos y tur\u00edsticos, de modo tal, de poder tener una visi\u00f3n general de los diversos sectores econ\u00f3micos del Departamento y reconocer las necesidades que se les presentan<\/em><\/strong>\u201d.<\/span><\/p>\n<p><span style=\"color: #000000;\">Respecto a la toma de cr\u00e9ditos en Alvear y en Mendoza, resalt\u00f3 que en el \u00faltimo tiempo de pandemia ha habido un crecimiento en la toma de financiamiento en general, se est\u00e1 volcando la toma de financiamiento en l\u00edneas de inversi\u00f3n, tambi\u00e9n dentro del Programa Mendoza Activa, siendo favorable en cuanto a plazo y tasas de inter\u00e9s, con el beneficio de obtener una devoluci\u00f3n.<\/span><\/p>\n<p><span style=\"color: #000000;\">Para inversi\u00f3n, el FTyC posee una l\u00ednea espec\u00edfica de eficiencia h\u00eddrica, donde primero categoriza a la persona, bajo el principio de que las condiciones m\u00e1s ben\u00e9volas sean para el m\u00e1s peque\u00f1o, y en funci\u00f3n de esa segmentaci\u00f3n son las condiciones que le van a corresponder.<\/span><\/p>\n<p><span style=\"color: #000000;\">Por ejemplo, si el interesado realiza una actividad agropecuaria y explota hasta 10has la tasa que le va a corresponder del financiamiento que tome ser\u00e1 el 30% de la tasa activa del Banco Naci\u00f3n, que oscila el 12,5% anual, el plazo es de diez a\u00f1os e incluye dos a\u00f1os de gracia, por lo que, durante esos dos a\u00f1os, la persona paga intereses y desde el tercero al d\u00e9cimo paga capital m\u00e1s intereses. Entonces favorece a los minifundistas, brindando mejores condiciones a los m\u00e1s peque\u00f1os.<\/span><\/p>\n<p><span style=\"color: #000000;\">\u201c<strong><em>Se puede tomar cr\u00e9dito en cualquiera de nuestras l\u00edneas con un monto de hasta $500.000,00 sin ning\u00fan tipo de an\u00e1lisis y ofreciendo un garante. Adem\u00e1s, hay una l\u00ednea de malla antigranizo para peque\u00f1os productores con una tasa baja del 10%<\/em><\/strong>\u201d, concluy\u00f3 la Directora ejecutiva del FTyC.<\/span><\/p>\n<h5><span style=\"color: #000000;\">\u2022F.B.<\/span><\/h5>\n","protected":false},"excerpt":{"rendered":"<p>El Intendente Walther Marcolini recibi\u00f3 a la Directora Ejecutiva del Fondo para la Transformaci\u00f3n y Crecimiento -FTyC- de la Provincia Silvina &#8230;<\/p>\n","protected":false},"author":8,"featured_media":100065,"comment_status":"open","ping_status":"open","sticky":false,"template":"","format":"standard","meta":{"footnotes":""},"categories":[5,10],"tags":[],"class_list":["post-100062","post","type-post","status-publish","format-standard","has-post-thumbnail","hentry","category-actualidad","category-destacadas"],"_links":{"self":[{"href":"https:\/\/vinasfm.com\/noticias\/wp-json\/wp\/v2\/posts\/100062","targetHints":{"allow":["GET"]}}],"collection":[{"href":"https:\/\/vinasfm.com\/noticias\/wp-json\/wp\/v2\/posts"}],"about":[{"href":"https:\/\/vinasfm.com\/noticias\/wp-json\/wp\/v2\/types\/post"}],"author":[{"embeddable":true,"href":"https:\/\/vinasfm.com\/noticias\/wp-json\/wp\/v2\/users\/8"}],"replies":[{"embeddable":true,"href":"https:\/\/vinasfm.com\/noticias\/wp-json\/wp\/v2\/comments?post=100062"}],"version-history":[{"count":3,"href":"https:\/\/vinasfm.com\/noticias\/wp-json\/wp\/v2\/posts\/100062\/revisions"}],"predecessor-version":[{"id":100167,"href":"https:\/\/vinasfm.com\/noticias\/wp-json\/wp\/v2\/posts\/100062\/revisions\/100167"}],"wp:featuredmedia":[{"embeddable":true,"href":"https:\/\/vinasfm.com\/noticias\/wp-json\/wp\/v2\/media\/100065"}],"wp:attachment":[{"href":"https:\/\/vinasfm.com\/noticias\/wp-json\/wp\/v2\/media?parent=100062"}],"wp:term":[{"taxonomy":"category","embeddable":true,"href":"https:\/\/vinasfm.com\/noticias\/wp-json\/wp\/v2\/categories?post=100062"},{"taxonomy":"post_tag","embeddable":true,"href":"https:\/\/vinasfm.com\/noticias\/wp-json\/wp\/v2\/tags?post=100062"}],"curies":[{"name":"wp","href":"https:\/\/api.w.org\/{rel}","templated":true}]}}