{"id":100058,"date":"2021-10-29T23:59:53","date_gmt":"2021-10-30T02:59:53","guid":{"rendered":"http:\/\/vinasfm.com\/noticias\/?p=100058"},"modified":"2021-10-31T21:12:40","modified_gmt":"2021-11-01T00:12:40","slug":"alvear-recibira-fondos-del-programa-nacional-de-municipios-saludables","status":"publish","type":"post","link":"https:\/\/vinasfm.com\/noticias\/alvear-recibira-fondos-del-programa-nacional-de-municipios-saludables\/","title":{"rendered":"ALVEAR RECIBIR\u00c1 FONDOS DEL PROGRAMA NACIONAL DE MUNICIPIOS SALUDABLES"},"content":{"rendered":"<h4><span style=\"color: #000000;\"><strong>El Intendente Walther Marcolini recibi\u00f3 a la Coordinadora Provincial del Programa Municipios y Comunidades Saludables y Directora del Departamento de Educaci\u00f3n para la salud Lic. Laura Villavicencio y a la Coordinadora del \u00c1rea Municipio Saludable Anal\u00eda Garc\u00eda para firmar un convenio, entre el Ministerio de Salud de la Provincia de Mendoza y el Municipio de General Alvear, para la implementaci\u00f3n del Programa Nacional de Ciudades, Municipios y Comunidades Saludables. <\/strong><\/span><\/h4>\n<p><span style=\"color: #000000;\">Nuestro departamento fue uno de los pocos, entre 2600 municipios, que alcanz\u00f3 la mayor\u00eda de m\u00f3dulos beneficiosos para sus habitantes.\u00a0<strong>General Alvear alcanz\u00f3 la m\u00e1xima membres\u00eda como Municipio Saludable en 2.019<\/strong>, lo que le permite acceder a un financiamiento para trabajar en cuatro l\u00edneas de promoci\u00f3n de la salud: <\/span><\/p>\n<ul>\n<li><span style=\"color: #000000;\"><strong>1. Ciudad amigable para personas mayores;<\/strong><\/span><\/li>\n<li><span style=\"color: #000000;\"><strong>2. Salud Ambiental: Recolecci\u00f3n de residuos s\u00f3lidos urbanos;<\/strong><\/span><\/li>\n<li><span style=\"color: #000000;\"><strong>3. Seguridad Alimentaria Sistemas alimentarios y nutrici\u00f3n;<\/strong><\/span><\/li>\n<li><span style=\"color: #000000;\"><strong>4. Entornos saludables: espacios verdes urbanos.<\/strong><\/span><\/li>\n<\/ul>\n<p><span style=\"color: #000000;\">La referente provincial del Programa Municipio Saludable, dependiente del Ministerio de Salud, Desarrollo Social y Deportes, Laura Villavicencio firm\u00f3 un convenio, por el cual <strong>General Alvear, siendo un Municipio Saludable que ha categorizado en todas sus etapas por el trabajo que lleva adelante, est\u00e1 siendo beneficiado con una ayuda financiera de $24 millones<\/strong>, que se van a dividir en cuatro ejes para la mejora de la calidad de vida de los vecinos, detall\u00f3 Marcolini.<\/span><\/p>\n<p><span style=\"color: #000000;\">&#8216;<strong><em>Para un Pa\u00eds con 2600 municipios en total, resulta llamativo que solo hayan categorizado 25 y es para destacar que General Alvear se encuentra en la m\u00e1xima categor\u00eda a nivel provincial<\/em><\/strong>&#8216;, resalt\u00f3 el mandatario municipal y agradeci\u00f3 a la Ministra Ana Mar\u00eda Nadal, a Laura Villavicencio por estar en Alvear, &#8216;<strong><em>esto va a permitir trabajar con adultos mayores, tambi\u00e9n en programas alimentarios, en residuos y en espacios urbanos, con una mirada integral que, siempre ha tenido el municipio<\/em><\/strong>&#8216;.<\/span><\/p>\n<p><span style=\"color: #000000;\">Por su parte, la referente del Programa Municipio Saludable rescat\u00f3 que fueron muchos a\u00f1os de trabajo, <strong>hace dos a\u00f1os calific\u00f3 General Alvear por presentar cuatro ejes de importancia ambiental, de promoci\u00f3n y asistencia que calific\u00f3 en todos los puntos del Banco Mundial y del Programa nacional de Municipios y Comunidades Saludables<\/strong>, <strong>obteniendo una de las mejores calificaciones de Mendoza<\/strong>, de donde se presentaron seis municipios que obtuvieron una alta calificaci\u00f3n, pero <strong>solo Alvear calific\u00f3 finalmente en la evaluaci\u00f3n final<\/strong>.<\/span><\/p>\n<p><span style=\"color: #000000;\">&#8216;<strong><em>General Alvear es uno de los 25 municipios que calific\u00f3 y fue el \u00fanico con mayor\u00eda de m\u00f3dulos beneficiosos para los habitantes del Departamento, porque se van a desarrollar muchas actividades con fondos nacionales, administrados por la Provincia y el Municipio<\/em><\/strong>&#8216;, se\u00f1al\u00f3.<\/span><\/p>\n<p><span style=\"color: #000000;\">Respecto al desembolso, consta de diversas etapas, <strong>el 10% en dos meses para abordar una situaci\u00f3n de diagn\u00f3stico, luego el 60%, 10% y el \u00faltimo 20% para evaluaci\u00f3n<\/strong>. El desarrollo del programa debe ejecutarse en un a\u00f1o y medio. &#8216;<strong><em>Si aprueban esta clasificaci\u00f3n pueden optar para otro programa a calificar, suben otro escal\u00f3n en clasificaci\u00f3n saludable y pueden participar en m\u00e1s m\u00f3dulos&#8217;<\/em><\/strong>, concluy\u00f3 <strong>Laura Villavicencio<\/strong> y agradeci\u00f3 al Intendente y al \u00c1rea Municipio Saludable porque han trabajado de forma espectacular.<\/span><\/p>\n<p><span style=\"color: #000000;\">La<strong> Coordinadora de Municipio Saludable Anal\u00eda Garc\u00eda<\/strong> se\u00f1al\u00f3 las l\u00edneas de promoci\u00f3n de la salud que han sido seleccionadas para General Alvear: adulto mayor, entorno saludable, recolecci\u00f3n de residuos s\u00f3lidos urbanos y seguridad alimentaria: &#8216;<strong><em>Recibimos capacitaci\u00f3n por cada eje y trabajamos de forma articulada con \u00e1reas municipales y con actores sociales referentes. Actualmente, estamos en una etapa de diagn\u00f3stico, elaborando los proyectos y viendo de qu\u00e9 forma se va a trabajar para cada uno de ellos<\/em><\/strong>&#8216;.<\/span><\/p>\n<h5><span style=\"color: #000000;\">\u2022F.B.<\/span><\/h5>\n","protected":false},"excerpt":{"rendered":"<p>El Intendente Walther Marcolini recibi\u00f3 a la Coordinadora Provincial del Programa Municipios y Comunidades Saludables y Directora del Departamento de Educaci\u00f3n &#8230;<\/p>\n","protected":false},"author":8,"featured_media":100059,"comment_status":"open","ping_status":"open","sticky":false,"template":"","format":"standard","meta":{"footnotes":""},"categories":[5,10],"tags":[],"class_list":["post-100058","post","type-post","status-publish","format-standard","has-post-thumbnail","hentry","category-actualidad","category-destacadas"],"_links":{"self":[{"href":"https:\/\/vinasfm.com\/noticias\/wp-json\/wp\/v2\/posts\/100058","targetHints":{"allow":["GET"]}}],"collection":[{"href":"https:\/\/vinasfm.com\/noticias\/wp-json\/wp\/v2\/posts"}],"about":[{"href":"https:\/\/vinasfm.com\/noticias\/wp-json\/wp\/v2\/types\/post"}],"author":[{"embeddable":true,"href":"https:\/\/vinasfm.com\/noticias\/wp-json\/wp\/v2\/users\/8"}],"replies":[{"embeddable":true,"href":"https:\/\/vinasfm.com\/noticias\/wp-json\/wp\/v2\/comments?post=100058"}],"version-history":[{"count":1,"href":"https:\/\/vinasfm.com\/noticias\/wp-json\/wp\/v2\/posts\/100058\/revisions"}],"predecessor-version":[{"id":100063,"href":"https:\/\/vinasfm.com\/noticias\/wp-json\/wp\/v2\/posts\/100058\/revisions\/100063"}],"wp:featuredmedia":[{"embeddable":true,"href":"https:\/\/vinasfm.com\/noticias\/wp-json\/wp\/v2\/media\/100059"}],"wp:attachment":[{"href":"https:\/\/vinasfm.com\/noticias\/wp-json\/wp\/v2\/media?parent=100058"}],"wp:term":[{"taxonomy":"category","embeddable":true,"href":"https:\/\/vinasfm.com\/noticias\/wp-json\/wp\/v2\/categories?post=100058"},{"taxonomy":"post_tag","embeddable":true,"href":"https:\/\/vinasfm.com\/noticias\/wp-json\/wp\/v2\/tags?post=100058"}],"curies":[{"name":"wp","href":"https:\/\/api.w.org\/{rel}","templated":true}]}}