{"id":100028,"date":"2021-10-29T09:00:15","date_gmt":"2021-10-29T12:00:15","guid":{"rendered":"http:\/\/vinasfm.com\/noticias\/?p=100028"},"modified":"2021-10-29T11:39:03","modified_gmt":"2021-10-29T14:39:03","slug":"dos-incendios-forestales-afectaron-70-hectareas-en-real-del-padre","status":"publish","type":"post","link":"https:\/\/vinasfm.com\/noticias\/dos-incendios-forestales-afectaron-70-hectareas-en-real-del-padre\/","title":{"rendered":"DOS INCENDIOS FORESTALES AFECTARON 70 HECT\u00c1REAS EN REAL DEL PADRE"},"content":{"rendered":"<h4><span style=\"color: #000000;\"><strong>Este mi\u00e9rcoles, se registraron dos incendios forestales en el distrito de Real del Padre por lo que personal de Bomberos Voluntarios y de la Polic\u00eda trabaj\u00f3 arduamente en sofocar los focos \u00edgneos.\u00a0<\/strong><\/span><\/h4>\n<p><span style=\"color: #000000;\">El primero se produjo a las <strong>13:00hs<\/strong> en inmediaciones de <strong>calles L\u00ednea de Goico, R\u00edo Negro<\/strong> y <strong>Los Catalanes<\/strong> afectando <strong>50 hect\u00e1reas de terreno inculto y m\u00e1s de dos mil metros de alambrados<\/strong>.<\/span><\/p>\n<p><span style=\"color: #000000;\">M\u00e1s de cuatro horas de labor con temperaturas extremas demandaron las tareas de mitigaci\u00f3n, lapso en el que s<strong>e rompi\u00f3 la camioneta de Bomberos Voluntarios de Real del Padre<\/strong> quedando lamentablemente fuera de servicio.<\/span><\/p>\n<p><span style=\"color: #000000;\">El otro incendio <strong>se origin\u00f3 a las 14:30hs<\/strong>, <strong>detr\u00e1s de la Escuela \u00c1lvarez Condarco<\/strong>, donde <strong>afect\u00f3 m\u00e1s de 20 hect\u00e1reas<\/strong> y varios \u00e1rboles en su base.<\/span><\/p>\n<h5><span style=\"color: #000000;\">\u2022F.B.<\/span><\/h5>\n","protected":false},"excerpt":{"rendered":"<p>Este mi\u00e9rcoles, se registraron dos incendios forestales en el distrito de Real del Padre por lo que personal de Bomberos Voluntarios &#8230;<\/p>\n","protected":false},"author":8,"featured_media":100029,"comment_status":"open","ping_status":"open","sticky":false,"template":"","format":"standard","meta":{"footnotes":""},"categories":[5,76],"tags":[],"class_list":["post-100028","post","type-post","status-publish","format-standard","has-post-thumbnail","hentry","category-actualidad","category-bomberos"],"_links":{"self":[{"href":"https:\/\/vinasfm.com\/noticias\/wp-json\/wp\/v2\/posts\/100028","targetHints":{"allow":["GET"]}}],"collection":[{"href":"https:\/\/vinasfm.com\/noticias\/wp-json\/wp\/v2\/posts"}],"about":[{"href":"https:\/\/vinasfm.com\/noticias\/wp-json\/wp\/v2\/types\/post"}],"author":[{"embeddable":true,"href":"https:\/\/vinasfm.com\/noticias\/wp-json\/wp\/v2\/users\/8"}],"replies":[{"embeddable":true,"href":"https:\/\/vinasfm.com\/noticias\/wp-json\/wp\/v2\/comments?post=100028"}],"version-history":[{"count":3,"href":"https:\/\/vinasfm.com\/noticias\/wp-json\/wp\/v2\/posts\/100028\/revisions"}],"predecessor-version":[{"id":100111,"href":"https:\/\/vinasfm.com\/noticias\/wp-json\/wp\/v2\/posts\/100028\/revisions\/100111"}],"wp:featuredmedia":[{"embeddable":true,"href":"https:\/\/vinasfm.com\/noticias\/wp-json\/wp\/v2\/media\/100029"}],"wp:attachment":[{"href":"https:\/\/vinasfm.com\/noticias\/wp-json\/wp\/v2\/media?parent=100028"}],"wp:term":[{"taxonomy":"category","embeddable":true,"href":"https:\/\/vinasfm.com\/noticias\/wp-json\/wp\/v2\/categories?post=100028"},{"taxonomy":"post_tag","embeddable":true,"href":"https:\/\/vinasfm.com\/noticias\/wp-json\/wp\/v2\/tags?post=100028"}],"curies":[{"name":"wp","href":"https:\/\/api.w.org\/{rel}","templated":true}]}}